{"id":103868,"date":"2020-11-05T14:36:40","date_gmt":"2020-11-05T19:36:40","guid":{"rendered":"https:\/\/linitiative.ca\/International\/fonctionnement-de-ladministration-publique-en-pleine-campagne-electorale\/"},"modified":"2020-11-05T14:36:40","modified_gmt":"2020-11-05T19:36:40","slug":"fonctionnement-de-ladministration-publique-en-pleine-campagne-electorale","status":"publish","type":"post","link":"https:\/\/linitiative.ca\/International\/fonctionnement-de-ladministration-publique-en-pleine-campagne-electorale\/","title":{"rendered":"FONCTIONNEMENT DE L\u2019ADMINISTRATION PUBLIQUE EN PLEINE CAMPAGNE ELECTORALE"},"content":{"rendered":"<div class=\"stream-item stream-item-above-post-content\">\n<p><noscript><\/p>\n<p><a href=\"\/\/www3.smartadserver.com\/ac?jump=1&amp;nwid=2136&amp;siteid=240610&amp;pgname=rg&amp;fmtid=49046&amp;visit=m&amp;tmstp=[timestamp]&amp;out=nonrich\" target=\"_blank\" rel=\"noopener noreferrer\"><img decoding=\"async\" src=\"http:\/\/www3.smartadserver.com\/ac?out=nonrich&amp;nwid=2136&amp;siteid=240610&amp;pgname=rg&amp;fmtid=49046&amp;visit=m&amp;tmstp=[timestamp]\" border=\"0\" alt=\"\"\/><\/a><\/p>\n<p><\/noscript><\/div>\n<p class=\"c3\"><em>Le mardi dernier, j\u2019ai fait un tour dans un service public de la place afin de me faire \u00e9tablir un document administratif. Renseignement pris, on m\u2019apprend que celui qui est habilit\u00e9 \u00e0 signer ledit document, est absent.\u00a0 On m\u2019a finalement propos\u00e9 de revenir le jeudi, soit hier seulement. J\u2019y suis reparti pour m\u2019entendre dire que le gars en question n\u2019est toujours pas l\u00e0. C\u2019est dans la conversation que j\u2019ai finalement compris qu\u2019en fait, le monsieur qui devait signer mon document, \u00e9tait parti battre campagne pour son candidat en vue des \u00e9lections coupl\u00e9es du 22 novembre prochain. J\u2019ai d\u00fb me r\u00e9soudre \u00e0 attendre puisque je n\u2019avais pas d\u2019autre choix. Et je sais que ce que je viens de vivre, bien des compatriotes le vivent \u00a0ou l\u2019ont v\u00e9cu. L\u2019Administration publique, par ces temps de campagne, roule au ralenti. Elle ne fonctionne pas. Les travailleurs ont d\u00e9sert\u00e9 les bureaux. On savait que l\u2019Administration publique \u00e9tait laxiste et fain\u00e9ante. Mais la campagne \u00e9lectorale est venue tout aggraver.\u00a0\u00a0 Car, ils sont nombreux qui pr\u00e9textent de la campagne pour faire leurs affaires personnelles ou pour aller boire la bi\u00e8re ou encore pour aller en vill\u00e9giature avec leur maitresse. Ce n\u2019est pas moi qui le dis. Les faits parlent d\u2019eux-m\u00eames. D\u00e9j\u00e0, m\u00eame en temps normal, nombreux sont les travailleurs du public qui, \u00e0 10h, abandonnent les bureaux au moment o\u00f9 arrivent d\u2019autres. Avec la campagne \u00e9lectorale, c\u2019est donc pain b\u00e9nit pour tous ces gens-l\u00e0 qui estiment que la Fonction publique n\u2019est le champ de personne. Et ils le disent haut et fort, convaincus qu\u2019il n\u2019y aura rien.<\/em><\/p>\n<p class=\"c3\"><em>\u00a0<\/em><\/p>\n<p class=\"c4\"><strong><em>Les fain\u00e9ants et les tricheurs n\u2019ont pas leur place dans notre Administration<\/em><\/strong><\/p>\n<p class=\"c3\"><em>\u00a0<\/em><\/p>\n<p class=\"c3\"><em>Du reste, peut-il en \u00eatre autrement quand on sait que dans la plupart des services, \u00a0\u00a0les Directeurs g\u00e9n\u00e9raux et leurs chefs de services sont aussi all\u00e9s battre campagne pour pouvoir conserver leurs postes respectifs\u00a0? C\u2019est comme \u00e7a que les choses se passent dans ce Burkina des Hommes dits int\u00e8gres et ce, en violation flagrante des textes. Je le dis parce que je sais qu\u2019en dehors des candidats en lice pour la pr\u00e9sidentielle et les l\u00e9gislatives, qui sont autoris\u00e9s \u00e0 s\u2019absenter, les autres ne le sont pas. Mais,\u00a0 comme \u00e7a arrange tout le monde (majorit\u00e9 comme opposition), personne ne s\u2019offusque de cette situation si ce n\u2019est l\u2019usager qui est contraint parfois d\u2019user vainement ses semelles pour des documents urgents. \u00a0Ainsi va la vie au Burkina o\u00f9 le vice a pris le pas sur la vertu ou du moins ce qu\u2019il en reste. Voyez-vous\u00a0! \u00c7a ne fait pas s\u00e9rieux\u00a0! On ne peut pas faire du Burkina, un\u00a0 pays \u00e9mergent si les uns et les autres n\u2019abandonnent pas leurs mauvaises habitudes.\u00a0 Je connais des gens qui se reconna\u00eetront dans mon propos. Mais comme j\u2019aime \u00e0 le dire, que celui qui se sentira morveux se mouche jusqu\u2019\u00e0 ce que j\u2019entende. Car, pour moi, seul compte l\u2019int\u00e9r\u00eat sup\u00e9rieur de la Nation. Les fain\u00e9ants et les tricheurs n\u2019ont pas leur place dans notre Administration. D\u2019ailleurs, s\u2019ils ne veulent pas travailler, je leur demande de d\u00e9gager pour donner la chance \u00e0 ces milliers de ch\u00f4meurs qui sortent des\u00a0 universit\u00e9s et autres \u00e9coles.<\/em><\/p>\n<p class=\"c3\"><em>\u00a0<\/em><\/p>\n<p class=\"c4\"><strong><em>\u00ab\u00a0Le Fou\u00a0\u00bb<\/em><\/strong><\/p>\n<p class=\"c3\"><em>\u00a0<\/em><\/p>\n<p class=\"c3\"><em>\u00a0<\/em><\/p>\n<p>Auteur: Le Pays<br \/>\n<a href=\"http:\/\/lepays.bf\/fonctionnement-de-ladministration-publique-en-pleine-campagne-electorale\/\">Cliquez ici pour lire l&rsquo;article depuis sa source.<\/a><\/p>\n","protected":false},"excerpt":{"rendered":"<p>Le mardi dernier, j\u2019ai fait un tour dans un service public de la place afin de me faire \u00e9tablir un document administratif. Renseignement pris, on m\u2019apprend que celui qui est habilit\u00e9 \u00e0 signer ledit document, est absent.\u00a0 On m\u2019a finalement propos\u00e9 de revenir le jeudi, soit hier seulement. J\u2019y suis reparti pour m\u2019entendre dire que [&hellip;]<\/p>\n","protected":false},"author":1813,"featured_media":0,"comment_status":"closed","ping_status":"closed","sticky":false,"template":"","format":"standard","meta":{"fifu_image_url":"","fifu_image_alt":"","footnotes":""},"categories":[73,81],"tags":[],"class_list":["post-103868","post","type-post","status-publish","format-standard","hentry","category-actualite","category-burkina-faso"],"_links":{"self":[{"href":"https:\/\/linitiative.ca\/International\/wp-json\/wp\/v2\/posts\/103868","targetHints":{"allow":["GET"]}}],"collection":[{"href":"https:\/\/linitiative.ca\/International\/wp-json\/wp\/v2\/posts"}],"about":[{"href":"https:\/\/linitiative.ca\/International\/wp-json\/wp\/v2\/types\/post"}],"author":[{"embeddable":true,"href":"https:\/\/linitiative.ca\/International\/wp-json\/wp\/v2\/users\/1813"}],"replies":[{"embeddable":true,"href":"https:\/\/linitiative.ca\/International\/wp-json\/wp\/v2\/comments?post=103868"}],"version-history":[{"count":0,"href":"https:\/\/linitiative.ca\/International\/wp-json\/wp\/v2\/posts\/103868\/revisions"}],"wp:attachment":[{"href":"https:\/\/linitiative.ca\/International\/wp-json\/wp\/v2\/media?parent=103868"}],"wp:term":[{"taxonomy":"category","embeddable":true,"href":"https:\/\/linitiative.ca\/International\/wp-json\/wp\/v2\/categories?post=103868"},{"taxonomy":"post_tag","embeddable":true,"href":"https:\/\/linitiative.ca\/International\/wp-json\/wp\/v2\/tags?post=103868"}],"curies":[{"name":"wp","href":"https:\/\/api.w.org\/{rel}","templated":true}]}}