{"id":103869,"date":"2020-11-05T14:43:09","date_gmt":"2020-11-05T19:43:09","guid":{"rendered":"https:\/\/linitiative.ca\/International\/sortie-de-guillaume-soro-sur-la-crise-post-electorale-en-rci\/"},"modified":"2020-11-05T14:43:09","modified_gmt":"2020-11-05T19:43:09","slug":"sortie-de-guillaume-soro-sur-la-crise-post-electorale-en-rci","status":"publish","type":"post","link":"https:\/\/linitiative.ca\/International\/sortie-de-guillaume-soro-sur-la-crise-post-electorale-en-rci\/","title":{"rendered":"SORTIE DE GUILLAUME SORO SUR LA CRISE POST-ELECTORALE EN RCI  \u00a0"},"content":{"rendered":"<div class=\"stream-item stream-item-above-post-content\">\n<p><noscript><\/p>\n<p><a href=\"\/\/www3.smartadserver.com\/ac?jump=1&amp;nwid=2136&amp;siteid=240610&amp;pgname=rg&amp;fmtid=49046&amp;visit=m&amp;tmstp=[timestamp]&amp;out=nonrich\" target=\"_blank\" rel=\"noopener noreferrer\"><img decoding=\"async\" src=\"http:\/\/www3.smartadserver.com\/ac?out=nonrich&amp;nwid=2136&amp;siteid=240610&amp;pgname=rg&amp;fmtid=49046&amp;visit=m&amp;tmstp=[timestamp]\" border=\"0\" alt=\"\"\/><\/a><\/p>\n<p><\/noscript><\/div>\n<p class=\"c3\"><em>\u00ab\u00a0Je demande \u00e0 vous, soldats, sous-officiers, officiers sup\u00e9rieurs et officiers g\u00e9n\u00e9raux de notre arm\u00e9e, de vous regarder dans le miroir de v\u00f4tre \u00e2me et de votre conscience et d\u2019agir pour stopper les tueries, pour pr\u00e9server notre pays de pogroms, pour pr\u00e9server la paix et la concorde. Agir pour redonner \u00e0 notre Constitution, ses lettres de noblesse\u00a0\u00bb. Tels sont les propos de l\u2019exil\u00e9 de France, Guillaume Soro, sur la crise post-\u00e9lectorale suite \u00e0 la r\u00e9\u00e9lection annonc\u00e9e du pr\u00e9sident Alassane Dramane Ouattara (ADO) par la Commission \u00e9lectorale, au moment o\u00f9 les leaders de l\u2019opposition rest\u00e9s au pays, ont maille \u00e0 partir avec les autorit\u00e9s suite \u00e0 la cr\u00e9ation d\u2019un Conseil national de transition en signe de non reconnaissance de l\u2019ancien-nouveau pouvoir de l\u2019enfant de Kong. Pour les autorit\u00e9s d\u2019Abidjan qui affirment qu\u2019\u00abune\u00a0 proc\u00e9dure \u00e0 son encontre a lieu en C\u00f4te d\u2019Ivoire au sujet de ses vell\u00e9it\u00e9s de d\u00e9stabilisation\u00a0\u00bb, \u00ab\u00a0Guillaume Soro est dans une logique de coup d\u2019Etat, depuis d\u2019ailleurs plusieurs ann\u00e9es\u00a0\u00bb. Soit dit en passant, l\u2019on se demande comment on peut tenir de tels propos et continuer \u00e0 b\u00e9n\u00e9ficier de\u00a0 l\u2019asile politique, quel que soit son pays d\u2019accueil.<\/em><\/p>\n<p class=\"c3\"><em>\u00a0<\/em><\/p>\n<p class=\"c4\"><strong><em>Ni les costumes-cravates, ni les boubous gomin\u00e9s n\u2019ont pu lui faire oublier ses vieux r\u00e9flexes d\u2019ancien maquisard<\/em><\/strong><\/p>\n<p class=\"c3\"><em>\u00a0<\/em><\/p>\n<p class=\"c3\"><em>Quoi qu\u2019il en soit, au-del\u00e0 de la surprise, ces propos de l\u2019ex-pr\u00e9sident de l\u2019Assembl\u00e9e nationale ivoirienne, en disgr\u00e2ce avec le pouvoir, ont choqu\u00e9 plus d\u2019un. Non seulement par le tranchant de la sortie, mais aussi par les violences qui pourrait en d\u00e9couler. Ce, au moment o\u00f9 la tension est loin d\u2019\u00eatre retomb\u00e9e suite au contentieux \u00e9lectoral (refonte de la CENI et dissolution du Conseil constitutionnel exig\u00e9es par l\u2019Opposition) qui tient le pays en haleine depuis plusieurs mois\u00a0; contentieux aggrav\u00e9 par le vote du 31 octobre dernier. Dans un tel contexte o\u00f9 la communaut\u00e9 internationale, \u00e0 travers la CEDEAO, l\u2019Union africaine, l\u2019Union europ\u00e9enne, appelle au dialogue et \u00e0 la retenue, de tels propos susceptibles de jeter de l\u2019huile sur le feu d\u00e9j\u00e0 incandescent, sont simplement d\u00e9plorables.\u00a0 Non seulement ils ne sont pas dignes d\u2019une personnalit\u00e9 d\u2019un tel rang qui se dit attach\u00e9e aux valeurs de la R\u00e9publique, mais au-del\u00e0, ils ne servent pas l\u2019homme. Pire, ces propos tendent \u00e0 le r\u00e9v\u00e9ler sous sa mauvaise facette. Car, comme dit un adage africain, \u00ab\u00a0le chien ne change jamais sa fa\u00e7on de s\u2019asseoir\u00a0\u00bb. Et dans le cas de Guillaume Soro, tout porte \u00e0 croire qu\u2019apr\u00e8s la r\u00e9bellion, ni les costumes-cravates, ni les boubous gomin\u00e9s du perchoir, encore moins de la Primature, n\u2019ont pu lui faire oublier ses vieux r\u00e9flexes d\u2019ancien maquisard. En clair, Guillaume Soro est un chef rebelle et tout porte \u00e0 croire qu\u2019il le restera \u00e0 jamais. En atteste cet appel,\u00a0 sans ambig\u00fcit\u00e9, \u00ab\u00a0\u00e0 agir\u00a0\u00bb, lanc\u00e9 aux forces de d\u00e9fense et de s\u00e9curit\u00e9, qui ressemble fort \u00e0 un appel du pied \u00e0 la soldatesque pour siffler la fin de la r\u00e9cr\u00e9ation. De ce point de vue, l\u2019on est fond\u00e9 \u00e0 croire que si l\u2019ex-Secr\u00e9taire g\u00e9n\u00e9ral du MPCI (Mouvement patriotique de C\u00f4te d\u2019Ivoire) avait \u00e9t\u00e9 en C\u00f4te d\u2019Ivoire, il aurait travaill\u00e9 \u00e0 instrumentaliser l\u2019arm\u00e9e.<\/em><\/p>\n<p class=\"c3\"><em>\u00a0<\/em><\/p>\n<p class=\"c4\"><strong><em>Bogota ne pouvait pas donner meilleure verge pour se faire flageller<\/em><\/strong><\/p>\n<p class=\"c4\"><strong><em>\u00a0<\/em><\/strong><\/p>\n<p class=\"c3\"><em>Ce d\u2019autant que son r\u00f4le dans l\u2019affaire des caches d\u2019armes et celle des mutineries diverses qui ont secou\u00e9 l\u2019arm\u00e9e ivoirienne au moment o\u00f9 il se disait que ses relations n\u2019\u00e9taient plus au beau fixe avec le pr\u00e9sident ADO, reste encore flou. C\u2019est dire si Bogota, qui a d\u00e9j\u00e0 du mal \u00e0 se d\u00e9faire de son pass\u00e9 de chef rebelle et qui a \u00e9t\u00e9, soit dit en passant, accus\u00e9 d\u2019\u00eatre impliqu\u00e9 dans le putsch manqu\u00e9 de 2015 du G\u00e9n\u00e9ral Diend\u00e9r\u00e9 contre la Transition burkinab\u00e8, et de tentative de d\u00e9stabilisation dans son propre pays, ne pouvait pas donner meilleure verge pour se faire flageller. En tout cas, il ne pouvait pas donner meilleur argument aux autorit\u00e9s ivoiriennes pour se faire accuser d\u2019\u00eatre\u00a0 \u00ab\u00a0dans une logique de s\u00e9dition \u00bb.\u00a0<\/em> <em>Cela dit, son appel \u00ab\u00a0\u00e0 agir\u00a0\u00bb sera-t-il entendu\u00a0par la Grande muette ivoirienne ? On attend de voir. Quoi qu\u2019il en soit, c\u2019est peu de dire que cet appel pourrait avoir des cons\u00e9quences sur la coh\u00e9sion de l\u2019Arm\u00e9e. Mais aussi, il expose les chefs militaires suppos\u00e9s compter encore parmi les fid\u00e8les de Bogota. La C\u00f4te d\u2019Ivoire n\u2019a pas besoin de cela. Surtout au moment o\u00f9 tout le monde s\u2019active \u00e0 \u00e9teindre l\u2019incendie du troisi\u00e8me mandat d\u2019ADO, y compris son plus farouche adversaire, l\u2019ex-pr\u00e9sident Laurent Gbagbo qui, sans renier le combat de l\u2019opposition,\u00a0 appelle plut\u00f4t au dialogue et \u00e0 la n\u00e9gociation, pour sortir le pays de l\u2019impasse.<\/em><\/p>\n<p class=\"c3\"><em>\u00a0<\/em><\/p>\n<p class=\"c4\"><strong><em>\u00ab\u00a0Le Pays\u00a0\u00bb<\/em><\/strong><\/p>\n<p class=\"c4\"><strong><em>\u00a0<\/em><\/strong><\/p>\n<p class=\"c3\"><em>\u00a0<\/em><\/p>\n<p>Auteur: Le Pays<br \/>\n<a href=\"http:\/\/lepays.bf\/sortie-de-guillaume-soro-sur-la-crise-post-electorale-en-rci\/\">Cliquez ici pour lire l&rsquo;article depuis sa source.<\/a><\/p>\n","protected":false},"excerpt":{"rendered":"<p>\u00ab\u00a0Je demande \u00e0 vous, soldats, sous-officiers, officiers sup\u00e9rieurs et officiers g\u00e9n\u00e9raux de notre arm\u00e9e, de vous regarder dans le miroir de v\u00f4tre \u00e2me et de votre conscience et d\u2019agir pour stopper les tueries, pour pr\u00e9server notre pays de pogroms, pour pr\u00e9server la paix et la concorde. Agir pour redonner \u00e0 notre Constitution, ses lettres de [&hellip;]<\/p>\n","protected":false},"author":1813,"featured_media":0,"comment_status":"closed","ping_status":"closed","sticky":false,"template":"","format":"standard","meta":{"fifu_image_url":"","fifu_image_alt":"","footnotes":""},"categories":[73,81],"tags":[],"class_list":["post-103869","post","type-post","status-publish","format-standard","hentry","category-actualite","category-burkina-faso"],"_links":{"self":[{"href":"https:\/\/linitiative.ca\/International\/wp-json\/wp\/v2\/posts\/103869","targetHints":{"allow":["GET"]}}],"collection":[{"href":"https:\/\/linitiative.ca\/International\/wp-json\/wp\/v2\/posts"}],"about":[{"href":"https:\/\/linitiative.ca\/International\/wp-json\/wp\/v2\/types\/post"}],"author":[{"embeddable":true,"href":"https:\/\/linitiative.ca\/International\/wp-json\/wp\/v2\/users\/1813"}],"replies":[{"embeddable":true,"href":"https:\/\/linitiative.ca\/International\/wp-json\/wp\/v2\/comments?post=103869"}],"version-history":[{"count":0,"href":"https:\/\/linitiative.ca\/International\/wp-json\/wp\/v2\/posts\/103869\/revisions"}],"wp:attachment":[{"href":"https:\/\/linitiative.ca\/International\/wp-json\/wp\/v2\/media?parent=103869"}],"wp:term":[{"taxonomy":"category","embeddable":true,"href":"https:\/\/linitiative.ca\/International\/wp-json\/wp\/v2\/categories?post=103869"},{"taxonomy":"post_tag","embeddable":true,"href":"https:\/\/linitiative.ca\/International\/wp-json\/wp\/v2\/tags?post=103869"}],"curies":[{"name":"wp","href":"https:\/\/api.w.org\/{rel}","templated":true}]}}