{"id":103870,"date":"2020-11-05T17:10:28","date_gmt":"2020-11-05T22:10:28","guid":{"rendered":"https:\/\/linitiative.ca\/International\/yeli-monique-kam-candidate-a-la-presidentielle-je-donne-la-chance-au-peuple-de-voter-une-femme\/"},"modified":"2020-11-05T17:10:28","modified_gmt":"2020-11-05T22:10:28","slug":"yeli-monique-kam-candidate-a-la-presidentielle-je-donne-la-chance-au-peuple-de-voter-une-femme","status":"publish","type":"post","link":"https:\/\/linitiative.ca\/International\/yeli-monique-kam-candidate-a-la-presidentielle-je-donne-la-chance-au-peuple-de-voter-une-femme\/","title":{"rendered":"Y\u00e9li Monique Kam, candidate \u00e0 la pr\u00e9sidentielle : \u00ab Je donne la chance au peuple de voter une femme\u2026 \u00bb"},"content":{"rendered":"<div class=\"td-post-featured-image\" readability=\"33\"><a href=\"https:\/\/www.sidwaya.info\/wp-content\/uploads\/2020\/11\/yeli-2.jpg\" data-caption=\"Y&#xE9;li Monique Kam : &#xAB; Les temps ont chang&#xE9;, une femme peut &#xEA;tre pr&#xE9;sidente au Burkina Faso &#xBB;.\"><img loading=\"lazy\" decoding=\"async\" width=\"696\" height=\"548\" class=\"entry-thumb td-modal-image\" src=\"https:\/\/www.sidwaya.info\/wp-content\/uploads\/2020\/11\/yeli-2-696x548.jpg\" srcset=\"https:\/\/www.sidwaya.info\/wp-content\/uploads\/2020\/11\/yeli-2-696x548.jpg 696w, https:\/\/www.sidwaya.info\/wp-content\/uploads\/2020\/11\/yeli-2-300x236.jpg 300w, https:\/\/www.sidwaya.info\/wp-content\/uploads\/2020\/11\/yeli-2-768x605.jpg 768w, https:\/\/www.sidwaya.info\/wp-content\/uploads\/2020\/11\/yeli-2-534x420.jpg 534w, https:\/\/www.sidwaya.info\/wp-content\/uploads\/2020\/11\/yeli-2.jpg 780w\" sizes=\"auto, (max-width: 696px) 100vw, 696px\" alt=\"\" title=\"yeli\"\/><\/a>Y\u00e9li Monique Kam : \u00ab Les temps ont chang\u00e9, une femme peut \u00eatre pr\u00e9sidente au Burkina Faso \u00bb.<\/div>\n<p><strong>Y\u00e9li Monique Kam est la seule femme candidate \u00e0 l\u2019\u00e9lection pr\u00e9sidentielle du 22 novembre 2020. Pr\u00e9sidente du Mouvement pour la renaissance du Burkina (MRB), \u00ab la Yennenga de l\u2019\u00e9ducation \u00bb dit avoir toutes les chances de conqu\u00e9rir le palais de Kosyam.<\/strong><\/p>\n<p><strong>Sidwaya (S) : La campagne \u00e9lectorale a commenc\u00e9 depuis le 31 octobre 2020. Qu\u2019est-ce que vous faites pour convaincre les \u00e9lecteurs ?<\/strong><\/p>\n<p><strong>Y\u00e9li Kam (Y.K.) :<\/strong> Nous menons une campagne de proximit\u00e9. Nous rencontrons les \u00e9lecteurs sur leur lieu de travail, dans leur famille, association, groupement, \u2026 et leur expliquons notre projet de soci\u00e9t\u00e9.<\/p>\n<p><strong>S : Dans votre projet de soci\u00e9t\u00e9, vous mettez l\u2019accent sur l\u2019\u00e9ducation, au point qu\u2019on vous a surnomm\u00e9e la \u00ab Yennenga de l\u2019\u00e9ducation \u00bb. Que comptez-vous faire pour r\u00e9volutionner par exemple l\u2019universit\u00e9 consid\u00e9r\u00e9e comme une fabrique de ch\u00f4meurs ?<\/strong><\/p>\n<p><strong>Y.K. :<\/strong> Nous allons r\u00e9volutionner notre syst\u00e8me \u00e9ducatif dans son ensemble, de la maison \u00e0 l\u2019universit\u00e9. C\u2019est une urgence nationale. Cette r\u00e9volution se mettra en marche d\u00e8s les 6 premiers mois de notre prise de fonction. La refonte du syst\u00e8me \u00e9ducatif aboutira au remplacement des programmes actuels par de nouveaux programmes d\u2019enseignement technique, et professionnel.<\/p>\n<p>Nous allons suspendre certaines fili\u00e8res et mati\u00e8res \u00e0 l\u2019universit\u00e9 (droit, philosophie, \u2026). Apr\u00e8s cela, nous allons lancer une campagne de formation technique et professionnelle. Nous mettrons en place le projet \u00ab une universit\u00e9 par r\u00e9gion \u00bb avec 75% de fili\u00e8res professionnalisantes dot\u00e9es de centres de Recherche, innovation et d\u00e9veloppement (RID) ax\u00e9s sur les potentialit\u00e9s agro-sylvo-pastorales de la r\u00e9gion. Cette universit\u00e9 va assurer le p\u00f4le RID de l\u2019usine de cha\u00eene de valeur de la r\u00e9gion.<\/p>\n<p>Nous allons r\u00e9aliser notre plan d\u2019industrialisation d\u2019une usine par r\u00e9gion pour cr\u00e9er 200 000 emplois par an et 1 000 000 d\u2019emplois pendant notre 1er mandat dont 50 000 dans le secteur \u00e9ducatif, 550 000 dans l\u2019agriculture et l\u2019agroindustrie et 100 000 fili\u00e8res industrielles (usine de fabrication de cycles et motocyclettes). Nous allons g\u00e9n\u00e9rer 40 000 emplois dans les chantiers social, culturel et de la solidarit\u00e9 nationale, 100 000 dans les secteurs de la sant\u00e9, de la d\u00e9fense et de la s\u00e9curit\u00e9 et 160 000 dans les domaines du tourisme et des loisirs, de l\u2019\u00e9conomie sociale et artisanale.<\/p>\n<p><strong>S : La lutte contre le terrorisme constitue l\u2019une des difficult\u00e9s majeures actuelles du pays. Quelles r\u00e9ponses proposez-vous ?<\/strong><\/p>\n<p><strong>Y.K :<\/strong> Nous voulons la paix au plus t\u00f4t au Burkina Faso et c\u2019est l\u2019aspiration de tout le peuple. Nous voulons savoir qui nous attaque et pourquoi nous sommes attaqu\u00e9s. Nous gardons \u00e0 l\u2019esprit nos valeurs r\u00e9publicaines et l\u2019int\u00e9grit\u00e9 de notre territoire. Pendant cinq ans, le pays a eu le temps de croiser le fer. Nous voulons maintenant aller \u00e0 la table des n\u00e9gociations pour mettre fin au terrorisme.<\/p>\n<p><strong>S : Les populations sont plus ou moins habitu\u00e9es aux promesses \u00e9lectorales qui, finalement, peinent \u00e0 se r\u00e9aliser une fois le candidat \u00e9lu. Quelle assurance leur donnez-vous qu\u2019il n\u2019en sera pas ainsi avec vous ?<\/strong><\/p>\n<p><strong>Y.K.:<\/strong> Nos populations sont certes, habitu\u00e9es aux promesses \u00e9lectorales vides des candidats devenus chefs de l\u2019Etat de notre pays depuis son ind\u00e9pendance. Cependant, le Burkina Faso n\u2019a pas encore eu la chance d\u2019avoir \u00e0 sa t\u00eate une femme. Cette ann\u00e9e, je donne la chance au peuple de voter une femme comme chef de l\u2019Etat et le Burkina Faso prendra enfin la voie du d\u00e9veloppement o\u00f9 chaque Burkinab\u00e8 mangera \u00e0 sa faim, boira \u00e0 sa soif, se soignera quand il est malade et nos enfants acc\u00e8deront \u00e0 une \u00e9cole citoyenne.<\/p>\n<p>\u00c0 cet effet, la chambre des sages que nous allons cr\u00e9er sera l\u00e0 pour enregistrer nos promesses, gr\u00e2ce \u00e0 notre projet de soci\u00e9t\u00e9 et pourra demander par voie r\u00e9f\u00e9rendaire notre destitution en cas de manquement \u00e0 nos promesses.<br \/>Nous voulons que le prochain pr\u00e9sident du Faso dirige avec obligation de r\u00e9sultats. Et le contr\u00f4le de l\u2019action du chef de l\u2019Etat fait partie des pr\u00e9rogatives de cette chambre.<\/p>\n<p><strong>S : Sur appel d\u2019une coalition d\u2019OSC, vous vous \u00eates engag\u00e9e publiquement aux c\u00f4t\u00e9s de huit autres candidats \u00e0 int\u00e9grer la lutte contre les in\u00e9galit\u00e9s dans votre projet de soci\u00e9t\u00e9. Qu\u2019en est-il exactement ?<\/strong><\/p>\n<p><strong>Y.K. :<\/strong> Je me suis engag\u00e9e aux c\u00f4t\u00e9s des OSC parce que leur combat pour un mieux-\u00eatre est le motif de mon engagement politique. Je viens du bas peuple. Je connais les r\u00e9alit\u00e9s de la majorit\u00e9 de la population qui manque de presque tous les biens et services essentiels. Par cette signature, cette coalition d\u2019OSC a mobilis\u00e9 l\u2019opinion pour exiger un mieux-\u00eatre pour les populations longtemps maintenues dans une pauvret\u00e9 structurelle.<\/p>\n<p>Moi, pr\u00e9sidente du Faso, je propose un contrat social fond\u00e9 sur l\u2019\u00e9ducation qui est le seul moyen de rompre la transmission g\u00e9n\u00e9rationnelle de la pauvret\u00e9. Je mets<br \/>en \u0153uvre mon plan d\u2019industrialisation pour cr\u00e9er la richesse pour mes contemporains. Les valeurs ajout\u00e9es tir\u00e9es des transformations industrielles me permettront d\u2019offrir une \u00e9ducation technique professionnalisante pour pr\u00e9parer une g\u00e9n\u00e9ration future de Burkinab\u00e8 aptes \u00e0 hisser notre pays au rang des pays \u00e9mergents dans 20 ans.<\/p>\n<p><strong>S : En cas de second tour, quel candidat allez-vous soutenir si vous n\u2019y \u00eates pas ?<\/strong><\/p>\n<p><strong>Y.K. :<\/strong> Les temps ont chang\u00e9, une femme<br \/>peut gagner l\u2019\u00e9lection pr\u00e9sidentielle au Burkina Faso. Je gagnerai \u00e0 coup sur cette \u00e9lection. Au second tour, je b\u00e9n\u00e9ficierai du report de voix du Mouvement du peuple pour le progr\u00e8s (MPP) et des autres partis.<\/p>\n<p>Je mettrai en place un gouvernement d\u2019ouverture avec tous les acteurs politiques mobilis\u00e9s autour de mon programme \u00e9ducatif pour hisser le Burkina Faso au rang des pays \u00e9mergents dans seulement 20 ans. C\u2019est une comp\u00e9tition, j\u2019ai le meilleur profil, le meilleur programme et le suffrage du peuple confirmera.<\/p>\n<p class=\"c1\"><strong>Interview r\u00e9alis\u00e9e par Nad\u00e8ge YAMEOGO<\/strong><\/p>\n<div class=\"td-a-rec td-a-rec-id-content_bottom tdi_30_461 td_block_template_1\"><img loading=\"lazy\" decoding=\"async\" class=\"aligncenter size-full wp-image-27454\" src=\"https:\/\/www.sidwaya.info\/wp-content\/uploads\/2020\/10\/PUB-Bandeau-paiement-mobile-siteweb.jpg\" alt=\"\" width=\"728\" height=\"90\"\/><\/div>\n<p>Auteur: JK. Sidwaya<br \/>\n<a href=\"https:\/\/www.sidwaya.info\/blog\/2020\/11\/05\/yeli-monique-kam-candidate-a-la-presidentielle-je-donne-la-chance-au-peuple-de-voter-une-femme\/\">Cliquez ici pour lire l&rsquo;article depuis sa source.<\/a><\/p>\n","protected":false},"excerpt":{"rendered":"<p>Y\u00e9li Monique Kam : \u00ab Les temps ont chang\u00e9, une femme peut \u00eatre pr\u00e9sidente au Burkina Faso \u00bb. Y\u00e9li Monique Kam est la seule femme candidate \u00e0 l\u2019\u00e9lection pr\u00e9sidentielle du 22 novembre 2020. Pr\u00e9sidente du Mouvement pour la renaissance du Burkina (MRB), \u00ab la Yennenga de l\u2019\u00e9ducation \u00bb dit avoir toutes les chances de conqu\u00e9rir [&hellip;]<\/p>\n","protected":false},"author":1816,"featured_media":103871,"comment_status":"closed","ping_status":"closed","sticky":false,"template":"","format":"standard","meta":{"fifu_image_url":"","fifu_image_alt":"","footnotes":""},"categories":[73,81],"tags":[],"class_list":["post-103870","post","type-post","status-publish","format-standard","has-post-thumbnail","hentry","category-actualite","category-burkina-faso"],"_links":{"self":[{"href":"https:\/\/linitiative.ca\/International\/wp-json\/wp\/v2\/posts\/103870","targetHints":{"allow":["GET"]}}],"collection":[{"href":"https:\/\/linitiative.ca\/International\/wp-json\/wp\/v2\/posts"}],"about":[{"href":"https:\/\/linitiative.ca\/International\/wp-json\/wp\/v2\/types\/post"}],"author":[{"embeddable":true,"href":"https:\/\/linitiative.ca\/International\/wp-json\/wp\/v2\/users\/1816"}],"replies":[{"embeddable":true,"href":"https:\/\/linitiative.ca\/International\/wp-json\/wp\/v2\/comments?post=103870"}],"version-history":[{"count":0,"href":"https:\/\/linitiative.ca\/International\/wp-json\/wp\/v2\/posts\/103870\/revisions"}],"wp:featuredmedia":[{"embeddable":true,"href":"https:\/\/linitiative.ca\/International\/wp-json\/"}],"wp:attachment":[{"href":"https:\/\/linitiative.ca\/International\/wp-json\/wp\/v2\/media?parent=103870"}],"wp:term":[{"taxonomy":"category","embeddable":true,"href":"https:\/\/linitiative.ca\/International\/wp-json\/wp\/v2\/categories?post=103870"},{"taxonomy":"post_tag","embeddable":true,"href":"https:\/\/linitiative.ca\/International\/wp-json\/wp\/v2\/tags?post=103870"}],"curies":[{"name":"wp","href":"https:\/\/api.w.org\/{rel}","templated":true}]}}