{"id":103874,"date":"2020-11-05T17:21:41","date_gmt":"2020-11-05T22:21:41","guid":{"rendered":"https:\/\/linitiative.ca\/International\/elections-couplees-du-22-novembre-2020-les-eveques-appellent-les-politiques-a-faire-du-burkina-une-nation-unie\/"},"modified":"2020-11-05T17:21:41","modified_gmt":"2020-11-05T22:21:41","slug":"elections-couplees-du-22-novembre-2020-les-eveques-appellent-les-politiques-a-faire-du-burkina-une-nation-unie","status":"publish","type":"post","link":"https:\/\/linitiative.ca\/International\/elections-couplees-du-22-novembre-2020-les-eveques-appellent-les-politiques-a-faire-du-burkina-une-nation-unie\/","title":{"rendered":"Elections coupl\u00e9es du 22 novembre 2020 : Les \u00e9v\u00eaques appellent les politiques \u00e0 faire du Burkina une nation unie"},"content":{"rendered":"<div class=\"td-post-featured-image\"><a href=\"https:\/\/www.sidwaya.info\/wp-content\/uploads\/2020\/11\/eveques.jpg\" data-caption=\"\"><img loading=\"lazy\" decoding=\"async\" width=\"696\" height=\"406\" class=\"entry-thumb td-modal-image\" src=\"https:\/\/www.sidwaya.info\/wp-content\/uploads\/2020\/11\/eveques-696x406.jpg\" srcset=\"https:\/\/www.sidwaya.info\/wp-content\/uploads\/2020\/11\/eveques-696x406.jpg 696w, https:\/\/www.sidwaya.info\/wp-content\/uploads\/2020\/11\/eveques-300x175.jpg 300w, https:\/\/www.sidwaya.info\/wp-content\/uploads\/2020\/11\/eveques-768x448.jpg 768w, https:\/\/www.sidwaya.info\/wp-content\/uploads\/2020\/11\/eveques-720x420.jpg 720w, https:\/\/www.sidwaya.info\/wp-content\/uploads\/2020\/11\/eveques.jpg 780w\" sizes=\"auto, (max-width: 696px) 100vw, 696px\" alt=\"\" title=\"eveques\"\/><\/a><\/div>\n<p><strong>Les \u00e9v\u00eaques du Burkina Faso, dans le message ci-dessous, appellent les hommes et femmes politiques, engag\u00e9s dans la conqu\u00eate du pouvoir \u00e0 faire de leurs divergences d\u2019opinions une richesse.<\/strong><\/p>\n<p>Fils et Filles de l\u2019Eglise Famille de Dieu au Burkina Faso, et vous tous, fr\u00e8res et s\u0153urs en humanit\u00e9, hommes et femmes de bonne volont\u00e9,<\/p>\n<p>1. Que Dieu dans son immense amour vous donne la paix en abondance, Lui qui est le Cr\u00e9ateur du monde et la Source de tout bien, Lui qui inspire \u00e0 ses enfants ce qui est vrai, ce qui est beau et ce qui est bien! Son amour pour nous s\u2019\u00e9tend d\u2019\u00e2ge en \u00e2ge (cf. Lc 1, 50) et notre confiance est dans son Nom tr\u00e8s saint (cf. Ps 32, 21).<\/p>\n<p>2. Dans les tout prochains jours, nous serons invit\u00e9s \u00e0 accomplir notre devoir citoyen en donnant notre suffrage pour le choix de nos dirigeants, le Pr\u00e9sident du Faso et les D\u00e9put\u00e9s \u00e0 l\u2019Assembl\u00e9e Nationale. Le vote constitue, comme le dit bien le pape Jean XXIII, \u00ab un des piliers de toutes les institutions d\u00e9mocratiques, ainsi qu\u2019une des meilleures garanties de dur\u00e9e de la d\u00e9mocratie \u00bb\uf031. Nous sommes alors appel\u00e9s et instamment invit\u00e9s \u00e0 y participer pour poursuivre l\u2019\u00e9dification de notre Nation.<\/p>\n<p>3. Cern\u00e9s de toutes parts par l\u2019hydre du terrorisme, nous n\u2019arr\u00eatons pas de compter nos morts et de voir affluer par centaines et par milliers, certains de nos compatriotes, particuli\u00e8rement des r\u00e9gions du Sahel, du Nord, du Centre-Nord, de l\u2019Est, du Centre-Est, de la Boucle du Mouhoun et des Cascades, chass\u00e9s, pers\u00e9cut\u00e9s, d\u00e9poss\u00e9d\u00e9s de leurs biens et oblig\u00e9s d\u2019\u00eatre des r\u00e9fugi\u00e9s dans leur propre patrie ; les chiffres relatifs \u00e0 cette crise sont tr\u00e8s parlants malgr\u00e9 leurs divergences. Nous ne pouvons manquer de traduire notre profond respect pour tous ceux qui, en premi\u00e8re ligne, se battent jour et nuit pour garantir la s\u00e9curit\u00e9 de leurs fr\u00e8res et s\u0153urs, en l\u2019occurrence les Forces de D\u00e9fense et de S\u00e9curit\u00e9 et toutes les personnes de bonne volont\u00e9 qui leur pr\u00eatent main forte. Nous saluons la m\u00e9moire de ceux et celles qui ont sacrifi\u00e9 leur vie dans la lutte contre ce fl\u00e9au et pr\u00e9sentons encore nos condol\u00e9ances \u00e0 leurs familles \u00e9plor\u00e9es.<\/p>\n<p>4. C\u2019est dans ce contexte d\u2019ins\u00e9curit\u00e9 aggrav\u00e9e par la pand\u00e9mie de la Covid-19 qui a mobilis\u00e9 et mobilise encore le personnel de la sant\u00e9 \u00e0 qui nous rendons hommage pour la vaillance, le patriotisme et l\u2019humanisme, que la voix des \u00c9v\u00eaques du Burkina Faso se veut \u00eatre celle de la confiance et de l\u2019esp\u00e9rance \u00e0 l\u2019or\u00e9e des \u00e9lections.<\/p>\n<p>5. Il est important que nous nous rappelions, dans ce contexte particulier que nous vivons, les situations combien difficiles que nous avons travers\u00e9es ensemble avec courage et r\u00e9silience, sous la protection du Dieu cr\u00e9ateur et mis\u00e9ricordieux. Dans le message que nous vous avions adress\u00e9 \u00e0 l\u2019occasion des \u00e9lections d\u2019octobre 2015, nous avions insist\u00e9 sur le fait que \u00ab le souvenir de ceux qui ont perdu la vie, la sant\u00e9 ou des biens lors de cette insurrection doit nous interpeller et d\u00e9sormais stimuler nos engagements en les orientant vers le don de soi jusqu\u2019au sacrifice pour le bien de tous \u00bb.\uf032 Depuis lors, notre pays a fait du chemin et chaque citoyen a, d\u2019une mani\u00e8re ou d\u2019une autre, donn\u00e9 le mieux qu\u2019il a pu pour \u0153uvrer \u00e0 pr\u00e9server notre pays de toute d\u00e9rive. Cela est un t\u00e9moignage de notre respect pour la m\u00e9moire de ceux qui ont donn\u00e9 leur vie pour que le Burkina Faso connaisse une d\u00e9mocratie authentique qui constitue l\u2019une des routes principales sur laquelle toute autorit\u00e9 devrait cheminer avec le peuple et pour le peuple.<\/p>\n<p>6. Fils et Filles de l\u2019Eglise Famille de Dieu au Burkina Faso, et vous tous, fr\u00e8res et s\u0153urs en humanit\u00e9, hommes et femmes de bonne volont\u00e9, la situation dans laquelle se trouve notre pays nous am\u00e8ne \u00e0 prendre conscience que les droits que nous consid\u00e9rons souvent comme les plus \u00e9vidents ne sont pas d\u00e9finitivement garantis. Il nous faut chaque jour travailler \u00e0 les pr\u00e9server et \u00e0 les consolider, en \u00e9vitant que les forces obscures qui \u0153uvrent \u00e0 nous priver de leur jouissance et \u00e0 faire basculer notre pays dans d\u2019autres situations inextricables ne parviennent \u00e0 leurs fins. Invitant alors les acteurs de la vie politique \u00e0 l\u2019application rigoureuse des textes en vigueur et \u00e0 un dialogue qui prenne en compte le contexte particulier que vit notre pays, nous, \u00c9v\u00eaques du Burkina Faso, voulons rappeler ces obligations qui incombent \u00e0 tous et tout particuli\u00e8rement \u00e0 ceux qui se lancent dans la conqu\u00eate du pouvoir :<\/p>\n<p>a- Prot\u00e9ger les personnes et leurs biens : la valeur supr\u00eame est la vie et aucun effort ne doit \u00eatre m\u00e9nag\u00e9 lorsqu\u2019il s\u2019agit de la prot\u00e9ger. La pr\u00e9servation de la vie, de l\u2019int\u00e9grit\u00e9 physique, psychique et morale des personnes demeure une priorit\u00e9. En cette p\u00e9riode \u00e9lectorale, aucune initiative ne doit contribuer \u00e0 aggraver la situation s\u00e9curitaire ni \u00e0 mettre en danger la vie des populations, ni celle des organisateurs de ces \u00e9lections ni celle des \u00e9lecteurs.<\/p>\n<p>b- Se mettre en tenue de service : pouvoir et autorit\u00e9 sont donn\u00e9s en vue du service de tous. Nul ne peut ou ne doit pr\u00e9tendre servir la Nation en violant les droits de ceux et celles qu\u2019il est cens\u00e9 servir. La conqu\u00eate du pouvoir ne saurait fouler aux pieds les droits des citoyens ni porter atteinte aux valeurs essentielles qui fondent notre soci\u00e9t\u00e9 \u00e0 savoir le respect de la vie, le respect de la libert\u00e9 de conscience et d\u2019expression, le respect de la propri\u00e9t\u00e9, le respect du bien commun, le refus de la corruption, en un mot, la bonne gouvernance. C\u2019est \u00e0 la mani\u00e8re dont un leader politique se comporte vis-\u00e0-vis de ces valeurs que l\u2019on peut juger de son aptitude \u00e0 exercer le pouvoir d\u2019Etat qui n\u2019est rien d\u2019autre qu\u2019un service.<\/p>\n<p>c- Gagner en maturit\u00e9 : l\u2019histoire politique de notre pays a \u00e9t\u00e9 marqu\u00e9e par des crises plus ou moins profondes et la plus r\u00e9cente est celle qui fut cons\u00e9cutive au soul\u00e8vement populaire des 30 et 31 octobre 2014.<br \/>Le monde entier nous regardait alors, curieux ou soucieux de savoir sur quelle route les citoyens du Burkina Faso, que certains appelaient ou appellent encore \u00ab Pays pauvre et enclav\u00e9 \u00bb, engageraient leur avenir. L\u2019esprit de dialogue et de conciliation a alors pr\u00e9valu et nous avons montr\u00e9 aux yeux du monde qu\u2019il est possible, malgr\u00e9 des moyens limit\u00e9s, de relever des d\u00e9fis qui, \u00e0 premi\u00e8re vue, peuvent para\u00eetre insurmontables. Ce gain qui est \u00e0 l\u2019actif de notre pays doit \u00eatre capitalis\u00e9 et nous orienter r\u00e9solument et d\u00e9finitivement dans la consolidation d\u2019un Etat de droit, caract\u00e9ris\u00e9 par la stabilit\u00e9 de ses Institutions et la maturit\u00e9 de ceux et celles qui animent la vie sociopolitique de la Nation. C\u2019est \u00e9galement dans cet \u00e9lan que nous en appelons aux dirigeants que les prochains suffrages permettront de d\u00e9signer, afin qu\u2019ils travaillent \u00e0 ramener la paix en \u0153uvrant pour la justice et la r\u00e9conciliation.<\/p>\n<p>d- Travailler \u00e0 faire vraiment du Burkina Faso, le Pays des hommes int\u00e8gres et une Nation unie : l\u2019histoire de notre pays est celle d\u2019un peuple qui a toujours su faire des diff\u00e9rences culturelles, ethniques ou religieuses qui caract\u00e9risent ses citoyens, une source de richesse et un exemple de coh\u00e9sion aux yeux du monde. Les divergences d\u2019opinions politiques sont cens\u00e9es \u00eatre \u00e9galement une richesse et non pas une source de division, un moyen de manipulation de l\u2019opinion ni un moyen de subversion. Plut\u00f4t que de voir dans les moments difficiles que nous traversons, des occasions de tirer le plus grand profit pour soi-m\u00eame ou pour son parti, chaque citoyen doit s\u2019investir et mettre sa fiert\u00e9 \u00e0 \u0153uvrer pour le bien de tous, pour l\u2019honneur de la patrie.<\/p>\n<p>7. Fils et Filles de l\u2019Eglise Famille de Dieu au Burkina Faso, et vous tous, fr\u00e8res et s\u0153urs en humanit\u00e9, hommes et femmes de bonne volont\u00e9, engageons-nous pour garantir \u00e0 notre pays une s\u00e9curit\u00e9 et une paix durables. Soyons des citoyens \u00e9pris de solidarit\u00e9, de justice, de coh\u00e9sion sociale et donnons \u00e0 notre peuple, par un jeu d\u00e9mocratique caract\u00e9ris\u00e9 par la transparence et l\u2019int\u00e9grit\u00e9, de dignes repr\u00e9sentants qui pr\u00e9sideront \u00e0 sa destin\u00e9e, pour le conduire vers un avenir toujours plus radieux.<\/p>\n<p>8. A tous les croyants des diff\u00e9rentes confessions religieuses, nous lan\u00e7ons un appel \u00e0 la pri\u00e8re incessante pour que Dieu accompagne ces \u00e9lections. Nous invoquons sur chacun de vous et sur le Burkina Faso l\u2019abondance des b\u00e9n\u00e9dictions divines.<\/p>\n<p>Fait \u00e0 Ouagadougou le 01 novembre 2020 en la Solennit\u00e9 de tous les Saints.<\/p>\n<p>Les Archev\u00eaques et Ev\u00eaques de la Conf\u00e9rence Episcopale Burkina-Niger.<\/p>\n<p>\u2022 Mgr Laurent B. DABIRE, Ev\u00eaque de Dori, Pr\u00e9sident de la CEBN<br \/>\u2022 Cardinal N. Philippe OUEDRAOGO, Archev\u00eaque de Ouagadougou<br \/>\u2022 Mgr Paul Y. OUEDRAOGO, Archev\u00eaque de Bobo-Dioulasso<br \/>\u2022 Mgr Gabriel SAYAOGO, Archev\u00eaque de Koupela, Vice-pr\u00e9sident de la CEBN<br \/>\u2022 Mgr Lucas K. SANOU, Ev\u00eaque de Banfora<br \/>\u2022 Mgr Joseph SAMA, Ev\u00eaque de Nouna<br \/>\u2022 Mgr Joachim OUEDRAOGO, Ev\u00eaque de Koudougou<br \/>\u2022 Mgr Der Rapha\u00ebl K. DABIRE, Ev\u00eaque de Di\u00e9bougou<br \/>\u2022 Mgr Justin KIENTEGA, Ev\u00eaque de Ouahigouya<br \/>\u2022 Mgr Modeste KAMBOU, Ev\u00eaque de Gaoua<br \/>\u2022 Mgr Pierre Claver Y. MALGO, Ev\u00eaque de Fada N\u2019Gourma<br \/>\u2022 Mgr Prosper KONTIEBO, Ev\u00eaque de Tenkodogo<br \/>\u2022 Mgr Prosper Bonaventure KY, Ev\u00eaque de D\u00e9dougou<br \/>\u2022 Mgr Th\u00e9ophile NARE, Ev\u00eaque de Kaya<br \/>\u2022 Mgr L\u00e9opold M\u00e9dard OUEDRAOGO, Ev\u00eaque auxiliaire de Ouagadougou<br \/>\u2022 Mgr Yiki Alexandre BAZIE, Ev\u00eaque Auxiliaire de Koudougou<\/p>\n<p class=\"c1\"><strong>Pour les Archev\u00eaques et Ev\u00eaques<\/strong><br \/><strong>de la Conf\u00e9rence Episcopale Burkina-Niger<\/strong><\/p>\n<p class=\"c1\"><strong>Mgr Laurent B. DABIRE<\/strong><br \/>Pr\u00e9sident<\/p>\n<div class=\"td-a-rec td-a-rec-id-content_bottom tdi_30_575 td_block_template_1\"><img loading=\"lazy\" decoding=\"async\" class=\"aligncenter size-full wp-image-27454\" src=\"https:\/\/www.sidwaya.info\/wp-content\/uploads\/2020\/10\/PUB-Bandeau-paiement-mobile-siteweb.jpg\" alt=\"\" width=\"728\" height=\"90\"\/><\/div>\n<p>Auteur: JK. Sidwaya<br \/>\n<a href=\"https:\/\/www.sidwaya.info\/blog\/2020\/11\/05\/elections-couplees-du-22-novembre-2020-les-eveques-appellent-les-politiques-a-faire-du-burkina-une-nation-unie\/\">Cliquez ici pour lire l&rsquo;article depuis sa source.<\/a><\/p>\n","protected":false},"excerpt":{"rendered":"<p>Les \u00e9v\u00eaques du Burkina Faso, dans le message ci-dessous, appellent les hommes et femmes politiques, engag\u00e9s dans la conqu\u00eate du pouvoir \u00e0 faire de leurs divergences d\u2019opinions une richesse. Fils et Filles de l\u2019Eglise Famille de Dieu au Burkina Faso, et vous tous, fr\u00e8res et s\u0153urs en humanit\u00e9, hommes et femmes de bonne volont\u00e9, 1. [&hellip;]<\/p>\n","protected":false},"author":1816,"featured_media":103875,"comment_status":"closed","ping_status":"closed","sticky":false,"template":"","format":"standard","meta":{"fifu_image_url":"","fifu_image_alt":"","footnotes":""},"categories":[73,81],"tags":[],"class_list":["post-103874","post","type-post","status-publish","format-standard","has-post-thumbnail","hentry","category-actualite","category-burkina-faso"],"_links":{"self":[{"href":"https:\/\/linitiative.ca\/International\/wp-json\/wp\/v2\/posts\/103874","targetHints":{"allow":["GET"]}}],"collection":[{"href":"https:\/\/linitiative.ca\/International\/wp-json\/wp\/v2\/posts"}],"about":[{"href":"https:\/\/linitiative.ca\/International\/wp-json\/wp\/v2\/types\/post"}],"author":[{"embeddable":true,"href":"https:\/\/linitiative.ca\/International\/wp-json\/wp\/v2\/users\/1816"}],"replies":[{"embeddable":true,"href":"https:\/\/linitiative.ca\/International\/wp-json\/wp\/v2\/comments?post=103874"}],"version-history":[{"count":0,"href":"https:\/\/linitiative.ca\/International\/wp-json\/wp\/v2\/posts\/103874\/revisions"}],"wp:featuredmedia":[{"embeddable":true,"href":"https:\/\/linitiative.ca\/International\/wp-json\/"}],"wp:attachment":[{"href":"https:\/\/linitiative.ca\/International\/wp-json\/wp\/v2\/media?parent=103874"}],"wp:term":[{"taxonomy":"category","embeddable":true,"href":"https:\/\/linitiative.ca\/International\/wp-json\/wp\/v2\/categories?post=103874"},{"taxonomy":"post_tag","embeddable":true,"href":"https:\/\/linitiative.ca\/International\/wp-json\/wp\/v2\/tags?post=103874"}],"curies":[{"name":"wp","href":"https:\/\/api.w.org\/{rel}","templated":true}]}}