{"id":103876,"date":"2020-11-05T17:33:02","date_gmt":"2020-11-05T22:33:02","guid":{"rendered":"https:\/\/linitiative.ca\/International\/ablasse-ouedraogo-et-ses-3b\/"},"modified":"2020-11-05T17:33:02","modified_gmt":"2020-11-05T22:33:02","slug":"ablasse-ouedraogo-et-ses-3b","status":"publish","type":"post","link":"https:\/\/linitiative.ca\/International\/ablasse-ouedraogo-et-ses-3b\/","title":{"rendered":"Ablass\u00e9 Ou\u00e9draogo et ses \u00ab\u00a03B\u00a0\u00bb"},"content":{"rendered":"<div class=\"td-post-featured-image\" readability=\"34\"><a href=\"https:\/\/www.sidwaya.info\/wp-content\/uploads\/2020\/11\/3b.jpg\" data-caption=\"Le candidat &#xE0; la pr&#xE9;sidentielle, Ablass&#xE9; Ou&#xE9;draogo, a rassur&#xE9; ses militants de sa victoire.\"><img loading=\"lazy\" decoding=\"async\" width=\"696\" height=\"464\" class=\"entry-thumb td-modal-image\" src=\"https:\/\/www.sidwaya.info\/wp-content\/uploads\/2020\/11\/3b-696x464.jpg\" srcset=\"https:\/\/www.sidwaya.info\/wp-content\/uploads\/2020\/11\/3b-696x464.jpg 696w, https:\/\/www.sidwaya.info\/wp-content\/uploads\/2020\/11\/3b-300x200.jpg 300w, https:\/\/www.sidwaya.info\/wp-content\/uploads\/2020\/11\/3b-768x512.jpg 768w, https:\/\/www.sidwaya.info\/wp-content\/uploads\/2020\/11\/3b-630x420.jpg 630w, https:\/\/www.sidwaya.info\/wp-content\/uploads\/2020\/11\/3b.jpg 787w\" sizes=\"auto, (max-width: 696px) 100vw, 696px\" alt=\"\" title=\"3b\"\/><\/a>Le candidat \u00e0 la pr\u00e9sidentielle, Ablass\u00e9 Ou\u00e9draogo, a rassur\u00e9 ses militants de sa victoire.<\/div>\n<p><strong>Le candidat du parti, \u00ab\u00a0Le\u00a0Faso Autrement\u00a0\u00bb, Ablass\u00e9 Ou\u00e9draogo, a lanc\u00e9 sa campagne, le jeudi 5 novembre 2020, \u00e0 Ouagadougou. Il a d\u00e9voil\u00e9 \u00e0 ses militants son projet de soci\u00e9t\u00e9 \u00ab\u00a0Les Burkinab\u00e8 B\u00e2tissent le Burkina Faso\u00a0\u00bb ou encore les 3B.<\/strong><\/p>\n<p>Ablass\u00e9 Ou\u00e9draogo, candidat \u00e0 l\u2019\u00e9lection pr\u00e9sidentielle du 22 novembre 2020 sous les couleurs de son parti, \u00ab Le Faso Autrement \u00bb, est serein. Il l\u2019a fait savoir \u00e0 ses militants et sympathisants lors de la c\u00e9r\u00e9monie de lancement de sa campagne, le jeudi 5 novembre 2020, \u00e0 Ouagadougou.<\/p>\n<p>Pour ce faire, il a d\u00e9voil\u00e9 son projet de soci\u00e9t\u00e9 d\u00e9nomm\u00e9 les 3B, c\u2019est-\u00e0-dire, \u00ab les Burkinab\u00e8 B\u00e2tissent le Burkina Faso \u00bb. Un projet qui se d\u00e9cline en cinq axes, \u00e0 savoir la r\u00e9conciliation nationale, la pacification du pays, la relance de l\u2019\u00e9conomie, la modernisation de l\u2019administration et une nouvelle politique \u00e9trang\u00e8re. La conviction de Ablass\u00e9 Ou\u00e9draogo est que le Burkina est un pays de surprise. De ce point de vue, il pense que son parti va cr\u00e9er la surprise au soir du 22 novembre 2020. A l\u2019\u00e9couter, cette \u00e9lection est une occasion pour le peuple burkinab\u00e8 de se racheter.<\/p>\n<p>A propos de la r\u00e9conciliation, Ablass\u00e9 Ou\u00e9draogo a affirm\u00e9 qu\u2019elle est indispensable et sans elle, pas de perspective de d\u00e9veloppement. \u00ab Vous ne pouvez rien construire quand vous avez une situation o\u00f9 les gens ne se parlent pas \u00bb, a dit Dr Ou\u00e9draogo. En la mati\u00e8re, il a fustig\u00e9 les propos du pr\u00e9sident Roch Marc Christian Kabor\u00e9 qui a d\u00e9clar\u00e9 qu\u2019il envisage de r\u00e9concilier les Burkinab\u00e8, six mois apr\u00e8s sa r\u00e9\u00e9lection. \u00ab Les Burkinab\u00e8 ne sont pas dupes \u00bb, a-t-il r\u00e9pliqu\u00e9. Foi de Ablass\u00e9 Ou\u00e9draogo, le Burkina traverse une crise multidimensionnelle dont la r\u00e9sorption passe n\u00e9cessairement par la r\u00e9conciliation.<\/p>\n<p><img decoding=\"async\" loading=\"lazy\" class=\"size-medium wp-image-28766\" src=\"https:\/\/www.sidwaya.info\/wp-content\/uploads\/2020\/11\/3b1-300x200.jpg\" alt=\"\" width=\"300\" height=\"200\" srcset=\"https:\/\/www.sidwaya.info\/wp-content\/uploads\/2020\/11\/3b1-300x200.jpg 300w, https:\/\/www.sidwaya.info\/wp-content\/uploads\/2020\/11\/3b1-768x512.jpg 768w, https:\/\/www.sidwaya.info\/wp-content\/uploads\/2020\/11\/3b1-696x464.jpg 696w, https:\/\/www.sidwaya.info\/wp-content\/uploads\/2020\/11\/3b1-630x420.jpg 630w, https:\/\/www.sidwaya.info\/wp-content\/uploads\/2020\/11\/3b1.jpg 787w\" sizes=\"auto, (max-width: 300px) 100vw, 300px\"\/>Des militants et sympathisants du parti sont sortis soutenir leur candidat.<\/p>\n<p>Apr\u00e8s cela, s\u2019en suivra la relance de l\u2019\u00e9conomie, selon lui. Il compte aussi s\u2019attaquer au syst\u00e8me \u00e9ducatif qu\u2019il juge \u00ab d\u00e9cadent \u00bb. En cela, le candidat du parti \u00ab Le Faso Autrement \u00bb veut une refonte de ce syst\u00e8me en cristallisant les \u00e9nergies vers la formation professionnelle et l\u2019apprentissage des m\u00e9tiers. C\u00f4t\u00e9 sant\u00e9, il n\u2019appr\u00e9cie pas l\u2019achat des ambulances par le chef de l\u2019Etat, Roch Kabor\u00e9, estimant que l\u2019argent de ces engins pouvait servir \u00e0 relever le plateau technique des centres de sant\u00e9 existants. En ce qui concerne la diplomatie burkinab\u00e8 sous l\u2019\u00e8re Kabor\u00e9, elle ne semble pas \u00eatre du go\u00fbt de Ablass\u00e9 Ou\u00e9draogo.<\/p>\n<p>C\u2019est pour cette raison qu\u2019il envisage de changer les choses, si d\u2019aventure il est \u00e9lu au soir du 22 novembre 2020. \u00ab Nous n\u2019avons pas de politique \u00e9trang\u00e8re, nous agissons au coup par coup \u00bb, s\u2019est-il d\u00e9fendu. Ablass\u00e9 Ou\u00e9draogo estime en outre que le Burkina doit compter sur ses propres forces, nourrissant l\u2019espoir qu\u2019il est le candidat id\u00e9al pour assurer le d\u00e9veloppement de ce pays. Comme \u00e0 l\u2019accoutum\u00e9e, il n\u2019a pas eu des mots tendres \u00e0 l\u2019\u00e9gard du pr\u00e9sident Kabor\u00e9. D\u2019apr\u00e8s lui, \u00ab le MPP et son pr\u00e9sident ont \u00e9chou\u00e9 \u00bb. La directrice de campagne, Claudine Kabor\u00e9, a lou\u00e9 les qualit\u00e9s du candidat Ou\u00e9draogo, tout en exhortant les \u00e9lecteurs \u00e0 faire le bon choix le jour du scrutin.<\/p>\n<p>Une d\u00e9monstration de vote a permis aux militants du parti d\u2019\u00eatre mieux \u00e9clair\u00e9s sur le choix de leur candidat. Au cours de la c\u00e9r\u00e9monie, Ablass\u00e9 Ou\u00e9draogo a re\u00e7u le candidat Tahirou Barry venu le soutenir.<br \/>Pour celui-ci, il \u00e9tait de bon aloi qu\u2019il r\u00e9ponde \u00e0 l\u2019invitation du \u00ab grand fr\u00e8re \u00bb, car, a-t-il indiqu\u00e9, \u00ab seul on va plus vite, mais ensemble on va plus loin \u00bb. Les deux candidats ont pr\u00e9dit un deuxi\u00e8me tour \u00e0 l\u2019issue du vote. Sur ce point, Ablass\u00e9 Ou\u00e9draogo a indiqu\u00e9 que Roch Marc Christian Kabor\u00e9 sera recal\u00e9 d\u00e8s le premier tour.<\/p>\n<p class=\"c1\"><strong>Ouamtinga Michel ILBOUDO<\/strong><br \/>Omichel20@gmail.com<\/p>\n<div class=\"td-a-rec td-a-rec-id-content_bottom tdi_30_e51 td_block_template_1\"><img loading=\"lazy\" decoding=\"async\" class=\"aligncenter size-full wp-image-27454\" src=\"https:\/\/www.sidwaya.info\/wp-content\/uploads\/2020\/10\/PUB-Bandeau-paiement-mobile-siteweb.jpg\" alt=\"\" width=\"728\" height=\"90\"\/><\/div>\n<p>Auteur: JK. Sidwaya<br \/>\n<a href=\"https:\/\/www.sidwaya.info\/blog\/2020\/11\/05\/ablasse-ouedraogo-et-ses-3b\/\">Cliquez ici pour lire l&rsquo;article depuis sa source.<\/a><\/p>\n","protected":false},"excerpt":{"rendered":"<p>Le candidat \u00e0 la pr\u00e9sidentielle, Ablass\u00e9 Ou\u00e9draogo, a rassur\u00e9 ses militants de sa victoire. Le candidat du parti, \u00ab\u00a0Le\u00a0Faso Autrement\u00a0\u00bb, Ablass\u00e9 Ou\u00e9draogo, a lanc\u00e9 sa campagne, le jeudi 5 novembre 2020, \u00e0 Ouagadougou. Il a d\u00e9voil\u00e9 \u00e0 ses militants son projet de soci\u00e9t\u00e9 \u00ab\u00a0Les Burkinab\u00e8 B\u00e2tissent le Burkina Faso\u00a0\u00bb ou encore les 3B. Ablass\u00e9 Ou\u00e9draogo, [&hellip;]<\/p>\n","protected":false},"author":1816,"featured_media":103877,"comment_status":"closed","ping_status":"closed","sticky":false,"template":"","format":"standard","meta":{"fifu_image_url":"","fifu_image_alt":"","footnotes":""},"categories":[73,81],"tags":[],"class_list":["post-103876","post","type-post","status-publish","format-standard","has-post-thumbnail","hentry","category-actualite","category-burkina-faso"],"_links":{"self":[{"href":"https:\/\/linitiative.ca\/International\/wp-json\/wp\/v2\/posts\/103876","targetHints":{"allow":["GET"]}}],"collection":[{"href":"https:\/\/linitiative.ca\/International\/wp-json\/wp\/v2\/posts"}],"about":[{"href":"https:\/\/linitiative.ca\/International\/wp-json\/wp\/v2\/types\/post"}],"author":[{"embeddable":true,"href":"https:\/\/linitiative.ca\/International\/wp-json\/wp\/v2\/users\/1816"}],"replies":[{"embeddable":true,"href":"https:\/\/linitiative.ca\/International\/wp-json\/wp\/v2\/comments?post=103876"}],"version-history":[{"count":0,"href":"https:\/\/linitiative.ca\/International\/wp-json\/wp\/v2\/posts\/103876\/revisions"}],"wp:featuredmedia":[{"embeddable":true,"href":"https:\/\/linitiative.ca\/International\/wp-json\/"}],"wp:attachment":[{"href":"https:\/\/linitiative.ca\/International\/wp-json\/wp\/v2\/media?parent=103876"}],"wp:term":[{"taxonomy":"category","embeddable":true,"href":"https:\/\/linitiative.ca\/International\/wp-json\/wp\/v2\/categories?post=103876"},{"taxonomy":"post_tag","embeddable":true,"href":"https:\/\/linitiative.ca\/International\/wp-json\/wp\/v2\/tags?post=103876"}],"curies":[{"name":"wp","href":"https:\/\/api.w.org\/{rel}","templated":true}]}}