{"id":103878,"date":"2020-11-05T17:36:32","date_gmt":"2020-11-05T22:36:32","guid":{"rendered":"https:\/\/linitiative.ca\/International\/pr-abdoulaye-soma-peche-ses-voix-au-marche-central-de-fada\/"},"modified":"2020-11-05T17:36:32","modified_gmt":"2020-11-05T22:36:32","slug":"pr-abdoulaye-soma-peche-ses-voix-au-marche-central-de-fada","status":"publish","type":"post","link":"https:\/\/linitiative.ca\/International\/pr-abdoulaye-soma-peche-ses-voix-au-marche-central-de-fada\/","title":{"rendered":"Pr Abdoulaye Soma p\u00eache ses voix  au march\u00e9 central de Fada"},"content":{"rendered":"<div class=\"td-post-featured-image\" readability=\"32\"><a href=\"https:\/\/www.sidwaya.info\/wp-content\/uploads\/2020\/11\/soma1.jpg\" data-caption=\"Pr Abdoulaye Soma : &#xAB; On ne doit pas acc&#xE9;der au pouvoir parce qu&#x2019;on est riche &#xBB;.\"><img loading=\"lazy\" decoding=\"async\" width=\"696\" height=\"464\" class=\"entry-thumb td-modal-image\" src=\"https:\/\/www.sidwaya.info\/wp-content\/uploads\/2020\/11\/soma1-696x464.jpg\" srcset=\"https:\/\/www.sidwaya.info\/wp-content\/uploads\/2020\/11\/soma1-696x464.jpg 696w, https:\/\/www.sidwaya.info\/wp-content\/uploads\/2020\/11\/soma1-300x200.jpg 300w, https:\/\/www.sidwaya.info\/wp-content\/uploads\/2020\/11\/soma1-768x512.jpg 768w, https:\/\/www.sidwaya.info\/wp-content\/uploads\/2020\/11\/soma1-630x420.jpg 630w, https:\/\/www.sidwaya.info\/wp-content\/uploads\/2020\/11\/soma1.jpg 787w\" sizes=\"auto, (max-width: 696px) 100vw, 696px\" alt=\"\" title=\"soma1\"\/><\/a>Pr Abdoulaye Soma : \u00ab On ne doit pas acc\u00e9der au pouvoir parce qu\u2019on est riche \u00bb.<\/div>\n<p><strong>Le candidat du Soleil d\u2019avenir \u00e0 l\u2019\u00e9lection pr\u00e9sidentielle, Pr Abdoulaye Soma, est all\u00e9 \u00e0 la conqu\u00eate de l\u2019\u00e9lectorat de l\u2019Est, le mercredi 4 novembre 2020 \u00e0 Fada N\u2019Gourma. Face aux commer\u00e7ants du march\u00e9 central de la ville, il leur a expliqu\u00e9 sa vision pour le Burkina Faso.<\/strong><\/p>\n<p>Dans le cadre des \u00e9lections coupl\u00e9es, pr\u00e9sidentielle et l\u00e9gislatives de 2020, le parti du Soleil d\u2019avenir a opt\u00e9 pour la campagne de proximit\u00e9. Cette strat\u00e9gie, de l\u2019avis du premier responsable du parti et candidat \u00e0 la pr\u00e9sidentielle du 22 novembre, Pr Abdoulaye Soma, semble \u00eatre la meilleure parce qu\u2019elle l\u2019oblige \u00e0 aller au contact des populations pour leur expliquer le contenu de son programme et solliciter leurs suffrages. \u00ab \u00c7a permet d\u2019\u00e9tablir un contact direct et de confiance avec le peuple \u00bb, a-t-il justifi\u00e9.<\/p>\n<p>Pour lui, sa strat\u00e9gie diff\u00e8re des meetings accompagn\u00e9s de distribution d\u2019argent<br \/>\u00ab qui ne valorisent pas l\u2019humain, mais plut\u00f4t la richesse \u00bb. Arriv\u00e9 au grand march\u00e9 de Fada N\u2019Gourma, le 4 novembre 2020, au cr\u00e9puscule, celui qui se pr\u00e9sente comme le plus jeune candidat \u00e0 briguer la magistrature supr\u00eame a pu converser avec des commer\u00e7ants. Entre distribution de prospectus et salutations d\u2019usage, Pr Soma a appel\u00e9 ses interlocuteurs \u00e0 voter utile pour le changement \u00ab r\u00e9el \u00bb. Interpell\u00e9 sur la situation d\u2019ins\u00e9curit\u00e9 qui pr\u00e9vaut dans la r\u00e9gion de l\u2019Est, le candidat du Soleil d\u2019avenir a indiqu\u00e9 que ce volet est inscrit en priorit\u00e9 dans son programme politique.<\/p>\n<p>Pour lui, l\u2019\u00e9radication de l\u2019ins\u00e9curit\u00e9 passe par deux mesures, notamment la r\u00e9conciliation nationale et la dotation cons\u00e9quente des Forces de d\u00e9fense et de s\u00e9curit\u00e9 (FDS) en ressources humaines. Convaincu qu\u2019une grande partie de l\u2019ins\u00e9curit\u00e9 trouve son fondement dans les sentiments de frustration, de stigmatisation ou d\u2019exclusion v\u00e9cus par nombre de personnes, Pr Soma a promis d\u2019attaquer le mal par la racine en r\u00e9glant d\u2019abord la question de la r\u00e9conciliation.<\/p>\n<p>Et cela, \u00e0 l\u2019entendre, passe par le triptyque V\u00e9rit\u00e9-R\u00e9paration-R\u00e9conciliation. \u00ab Dans ce sch\u00e9ma, je vais ouvrir une p\u00e9riode o\u00f9 tous ceux qui ont caus\u00e9 du tort \u00e0 quelqu\u2019un dans la gestion des affaires publiques au Burkina viendront dire la v\u00e9rit\u00e9 \u00bb, a-t-il annonc\u00e9, avant de pr\u00e9venir que celui qui ne sera pas sinc\u00e8re ira en prison \u00e0 vie.<br \/>Par rapport au renforcement de capacit\u00e9s des FDS, le pr\u00e9tendant au palais de Kosyam compte activer le service militaire obligatoire pour les jeunes de 18 \u00e0 35 ans.<\/p>\n<h3>\u00ab Victoire assur\u00e9e \u00bb \u00e0 Fada<\/h3>\n<p><img decoding=\"async\" loading=\"lazy\" class=\"size-medium wp-image-28768\" src=\"https:\/\/www.sidwaya.info\/wp-content\/uploads\/2020\/11\/somaa1-300x200.jpg\" alt=\"\" width=\"300\" height=\"200\" srcset=\"https:\/\/www.sidwaya.info\/wp-content\/uploads\/2020\/11\/somaa1-300x200.jpg 300w, https:\/\/www.sidwaya.info\/wp-content\/uploads\/2020\/11\/somaa1-768x512.jpg 768w, https:\/\/www.sidwaya.info\/wp-content\/uploads\/2020\/11\/somaa1-696x464.jpg 696w, https:\/\/www.sidwaya.info\/wp-content\/uploads\/2020\/11\/somaa1-630x420.jpg 630w, https:\/\/www.sidwaya.info\/wp-content\/uploads\/2020\/11\/somaa1.jpg 787w\" sizes=\"auto, (max-width: 300px) 100vw, 300px\"\/>Pr Soma a fait ses \u00e9changes, parfois en position accroupie<\/p>\n<p>A travers cette mesure, selon lui, tout jeune de cette tranche d\u2019\u00e2ge doit faire au moins un an dans l\u2019arm\u00e9e mais avec la possibilit\u00e9 de fractionner en quatre la dur\u00e9e de la formation. Ce m\u00e9canisme, foi de Pr Soma, aura l\u2019avantage de permettre aux FDS de disposer chaque ann\u00e9e d\u2019un contingent suppl\u00e9mentaire d\u2019un million de jeunes ayant le sens du civisme et de la discipline.<\/p>\n<p>La d\u00e9gradation de la route nationale n\u00b04, notamment le tron\u00e7on Gounghin-Fada, fait aussi partie des pr\u00e9occupations des populations de l\u2019Est. Sur ce point, le professeur de Droit d\u00e9clare se joindre \u00e0 leurs voix pour s\u2019offusquer de l\u2019\u00e9tat de cette route qu\u2019il dit avoir emprunt\u00e9e \u00e0 maintes reprises. \u00ab Dans une zone soumise \u00e0 l\u2019ins\u00e9curit\u00e9, il y a un tron\u00e7on de plus de 50 kilom\u00e8tres o\u00f9 on ne peut pas rouler \u00e0 plus de 20 km\/h. C\u2019est une exposition de la population aux attaques \u00bb, a-t-il d\u00e9plor\u00e9. Il a alors promis que s\u2019il est \u00e9lu, la donne va changer.<\/p>\n<p>C\u2019est pourquoi dans son offre politique, il est pr\u00e9vu par an un investissement sp\u00e9cial d\u2019un milliard F CFA par province au profit des infrastructures. Ce projet dont la priorit\u00e9 sera accord\u00e9e aux routes et aux b\u00e2timents, a expliqu\u00e9 Abdoulaye Soma, sera pilot\u00e9 par les habitants de chaque province qui d\u00e9finiront les modalit\u00e9s de gestion du fonds allou\u00e9. A travers les b\u00e2timents qui vont abriter les services publics, a-t-il estim\u00e9, l\u2019Etat va quitter sa position actuelle de locataire \u00e0 celle de bailleur. En retour, les commer\u00e7ants ont promis une \u00ab victoire assur\u00e9e \u00bb \u00e0 leur h\u00f4te \u00e0 l\u2019issue du scrutin pr\u00e9sidentiel et c\u2019est tout confiant que ce dernier a pris cong\u00e9 d\u2019eux.<\/p>\n<p class=\"c1\"><strong>Mady KABRE<\/strong><\/p>\n<div class=\"td-a-rec td-a-rec-id-content_bottom tdi_30_711 td_block_template_1\"><img loading=\"lazy\" decoding=\"async\" class=\"aligncenter size-full wp-image-27454\" src=\"https:\/\/www.sidwaya.info\/wp-content\/uploads\/2020\/10\/PUB-Bandeau-paiement-mobile-siteweb.jpg\" alt=\"\" width=\"728\" height=\"90\"\/><\/div>\n<p>Auteur: JK. Sidwaya<br \/>\n<a href=\"https:\/\/www.sidwaya.info\/blog\/2020\/11\/05\/pr-abdoulaye-soma-peche-ses-voix-au-marche-central-de-fada\/\">Cliquez ici pour lire l&rsquo;article depuis sa source.<\/a><\/p>\n","protected":false},"excerpt":{"rendered":"<p>Pr Abdoulaye Soma : \u00ab On ne doit pas acc\u00e9der au pouvoir parce qu\u2019on est riche \u00bb. Le candidat du Soleil d\u2019avenir \u00e0 l\u2019\u00e9lection pr\u00e9sidentielle, Pr Abdoulaye Soma, est all\u00e9 \u00e0 la conqu\u00eate de l\u2019\u00e9lectorat de l\u2019Est, le mercredi 4 novembre 2020 \u00e0 Fada N\u2019Gourma. Face aux commer\u00e7ants du march\u00e9 central de la ville, il [&hellip;]<\/p>\n","protected":false},"author":1816,"featured_media":103879,"comment_status":"closed","ping_status":"closed","sticky":false,"template":"","format":"standard","meta":{"fifu_image_url":"","fifu_image_alt":"","footnotes":""},"categories":[73,81],"tags":[],"class_list":["post-103878","post","type-post","status-publish","format-standard","has-post-thumbnail","hentry","category-actualite","category-burkina-faso"],"_links":{"self":[{"href":"https:\/\/linitiative.ca\/International\/wp-json\/wp\/v2\/posts\/103878","targetHints":{"allow":["GET"]}}],"collection":[{"href":"https:\/\/linitiative.ca\/International\/wp-json\/wp\/v2\/posts"}],"about":[{"href":"https:\/\/linitiative.ca\/International\/wp-json\/wp\/v2\/types\/post"}],"author":[{"embeddable":true,"href":"https:\/\/linitiative.ca\/International\/wp-json\/wp\/v2\/users\/1816"}],"replies":[{"embeddable":true,"href":"https:\/\/linitiative.ca\/International\/wp-json\/wp\/v2\/comments?post=103878"}],"version-history":[{"count":0,"href":"https:\/\/linitiative.ca\/International\/wp-json\/wp\/v2\/posts\/103878\/revisions"}],"wp:featuredmedia":[{"embeddable":true,"href":"https:\/\/linitiative.ca\/International\/wp-json\/"}],"wp:attachment":[{"href":"https:\/\/linitiative.ca\/International\/wp-json\/wp\/v2\/media?parent=103878"}],"wp:term":[{"taxonomy":"category","embeddable":true,"href":"https:\/\/linitiative.ca\/International\/wp-json\/wp\/v2\/categories?post=103878"},{"taxonomy":"post_tag","embeddable":true,"href":"https:\/\/linitiative.ca\/International\/wp-json\/wp\/v2\/tags?post=103878"}],"curies":[{"name":"wp","href":"https:\/\/api.w.org\/{rel}","templated":true}]}}