{"id":103880,"date":"2020-11-05T13:18:03","date_gmt":"2020-11-05T18:18:03","guid":{"rendered":"https:\/\/linitiative.ca\/International\/des-operateurs-economiques-polonais-interesses-par-le-marche-marocain\/"},"modified":"2020-11-05T13:18:03","modified_gmt":"2020-11-05T18:18:03","slug":"des-operateurs-economiques-polonais-interesses-par-le-marche-marocain","status":"publish","type":"post","link":"https:\/\/linitiative.ca\/International\/des-operateurs-economiques-polonais-interesses-par-le-marche-marocain\/","title":{"rendered":"Des op\u00e9rateurs \u00e9conomiques polonais int\u00e9ress\u00e9s par le march\u00e9 marocain"},"content":{"rendered":"<div readability=\"32\">\n<p>Publi\u00e9 le 05.11.2020 \u00e0 19h18 par APA News<\/p>\n<\/div>\n<div readability=\"90\">\n<p>Des op\u00e9rateurs \u00e9conomiques polonais ont exprim\u00e9 leur volont\u00e9 de d\u00e9velopper des projets au Maroc, devenu un hub continental \u00e0 la faveur de sa proximit\u00e9 de l\u2019Europe, de son ancrage africain, de sa stabilit\u00e9 politique et de la r\u00e9silience et des performances de son \u00e9conomie.Intervenant lors d\u2019une rencontre avec l\u2019ambassadeur du Maroc \u00e0 Varsovie, Abderrahim Atmoun, le copropri\u00e9taire du fonds \u00ab MRP Fizan \u00bb, Maciej Rudnicki, s\u2019est dit \u00ab impressionn\u00e9 \u00bb par le niveau de d\u00e9veloppement qu\u2019il a eu l\u2019occasion d\u2019appr\u00e9cier lors d\u2019une r\u00e9cente visite dans le Royaume.<\/p>\n<p>\u00ab Apr\u00e8s notre visite au Maroc au cours de laquelle nous avons constat\u00e9 de pr\u00e8s le niveau de d\u00e9veloppement enregistr\u00e9 du nord au sud, nous sommes d\u00e9termin\u00e9s \u00e0 y investir et nous voulons entamer les n\u00e9gociations \u00e0 cet effet dans les meilleurs d\u00e9lais \u00bb, a-t-il soulign\u00e9.<\/p>\n<p>Il a affirm\u00e9 que son entreprise souhaite entamer les discussions avec des partenaires marocains pour mettre en service, au Maroc, une usine d\u2019assemblage de gyrocopt\u00e8res et h\u00e9licopt\u00e8res ultral\u00e9gers ; ajoutant que le Maroc, en tant que pont entre l\u2019Europe et l\u2019Afrique \u00ab nous ouvrira \u00e9galement les portes pour investir dans le continent \u00bb.<\/p>\n<p>\u00abMRP Fizan\u00bb op\u00e8re dans plusieurs secteurs d\u2019activit\u00e9, de l\u2019aviation \u00e0 l\u2019immobilier en passant par l\u2019informatique, les t\u00e9l\u00e9communications et les technologies d\u2019utilisation de l\u2019hydrog\u00e8ne.<\/p>\n<p>Selon un communiqu\u00e9 de l\u2019ambassade du Maroc en Pologne, cette rencontre a \u00e9t\u00e9 l\u2019occasion pour M. Atmoun de visiter l\u2019usine de la soci\u00e9t\u00e9 Fylargo, propri\u00e9t\u00e9 du fonds \u00abMRP Fizan\u00bb, qui con\u00e7oit des gyrocopt\u00e8res et h\u00e9licopt\u00e8res ultral\u00e9gers.<\/p>\n<p>A cette occasion, l\u2019ambassadeur a rappel\u00e9 \u00e0 ses interlocuteurs polonais que le Maroc a mis en place, dans le secteur a\u00e9ronautique, plusieurs mesures incitatives dans le cadre du plan d\u2019acc\u00e9l\u00e9ration industrielle.<\/p>\n<p>Il a \u00e9galement mis en exergue le climat d\u2019affaires favorable aux investisseurs, l\u2019important arsenal juridique permettant une meilleure protection des investissements, sans oublier la stabilit\u00e9 politique, les atouts naturels et la diversit\u00e9 de l\u2019\u00e9conomie du Royaume.<\/p>\n<p>Le Maroc b\u00e9n\u00e9ficie \u00e9galement d\u2019excellentes connexions ferroviaires, a\u00e9riennes, maritimes et terrestres lui permettant de s\u2019\u00e9riger en un v\u00e9ritable hub \u00e9conomique au niveau du continent, a rappel\u00e9 le diplomate marocain.<\/p>\n<\/div>\n<p>Auteur: APA News<br \/>\n<a href=\"https:\/\/www.journalducameroun.com\/des-operateurs-economiques-polonais-interesses-par-le-marche-marocain\/\">Cliquez ici pour lire l&rsquo;article depuis sa source.<\/a><\/p>\n","protected":false},"excerpt":{"rendered":"<p>Publi\u00e9 le 05.11.2020 \u00e0 19h18 par APA News Des op\u00e9rateurs \u00e9conomiques polonais ont exprim\u00e9 leur volont\u00e9 de d\u00e9velopper des projets au Maroc, devenu un hub continental \u00e0 la faveur de sa proximit\u00e9 de l\u2019Europe, de son ancrage africain, de sa stabilit\u00e9 politique et de la r\u00e9silience et des performances de son \u00e9conomie.Intervenant lors d\u2019une rencontre [&hellip;]<\/p>\n","protected":false},"author":1965,"featured_media":0,"comment_status":"closed","ping_status":"closed","sticky":false,"template":"","format":"standard","meta":{"fifu_image_url":"","fifu_image_alt":"","footnotes":""},"categories":[73,82],"tags":[],"class_list":["post-103880","post","type-post","status-publish","format-standard","hentry","category-actualite","category-cameroun"],"_links":{"self":[{"href":"https:\/\/linitiative.ca\/International\/wp-json\/wp\/v2\/posts\/103880","targetHints":{"allow":["GET"]}}],"collection":[{"href":"https:\/\/linitiative.ca\/International\/wp-json\/wp\/v2\/posts"}],"about":[{"href":"https:\/\/linitiative.ca\/International\/wp-json\/wp\/v2\/types\/post"}],"author":[{"embeddable":true,"href":"https:\/\/linitiative.ca\/International\/wp-json\/wp\/v2\/users\/1965"}],"replies":[{"embeddable":true,"href":"https:\/\/linitiative.ca\/International\/wp-json\/wp\/v2\/comments?post=103880"}],"version-history":[{"count":0,"href":"https:\/\/linitiative.ca\/International\/wp-json\/wp\/v2\/posts\/103880\/revisions"}],"wp:attachment":[{"href":"https:\/\/linitiative.ca\/International\/wp-json\/wp\/v2\/media?parent=103880"}],"wp:term":[{"taxonomy":"category","embeddable":true,"href":"https:\/\/linitiative.ca\/International\/wp-json\/wp\/v2\/categories?post=103880"},{"taxonomy":"post_tag","embeddable":true,"href":"https:\/\/linitiative.ca\/International\/wp-json\/wp\/v2\/tags?post=103880"}],"curies":[{"name":"wp","href":"https:\/\/api.w.org\/{rel}","templated":true}]}}