{"id":103883,"date":"2020-11-05T15:18:04","date_gmt":"2020-11-05T20:18:04","guid":{"rendered":"https:\/\/linitiative.ca\/International\/eliminatoires-can-2021-patrice-beaumelle-convoque-26-joueurs-pour-le-match-cote-divoire-madagascar\/"},"modified":"2020-11-05T15:18:04","modified_gmt":"2020-11-05T20:18:04","slug":"eliminatoires-can-2021-patrice-beaumelle-convoque-26-joueurs-pour-le-match-cote-divoire-madagascar","status":"publish","type":"post","link":"https:\/\/linitiative.ca\/International\/eliminatoires-can-2021-patrice-beaumelle-convoque-26-joueurs-pour-le-match-cote-divoire-madagascar\/","title":{"rendered":"\u00c9liminatoires CAN 2021: Patrice Beaumelle convoque 26 joueurs pour le match C\u00f4te d\u2019Ivoire-Madagascar"},"content":{"rendered":"<div readability=\"32\">\n<p>Publi\u00e9 le 05.11.2020 \u00e0 21h18 par APA News<\/p>\n<\/div>\n<div readability=\"119\">\n<p>Le s\u00e9lectionneur de l\u2019\u00e9quipe nationale ivoirienne de football, Patrice Beaumelle a d\u00e9voil\u00e9 jeudi \u00e0 Abidjan, une liste de 26 joueurs convoqu\u00e9s pour la confrontation C\u00f4te d\u2019Ivoire-Madagascar pr\u00e9vue le 12 novembre prochain au stade olympique Alassane Ouattara d\u2019Ebimp\u00e9 au Nord d\u2019Abidjan et comptant pour la 3\u00e8 journ\u00e9e des \u00e9liminatoires de la Coupe d\u2019Afrique des nations ( CAN 2021).Selon le coach des El\u00e9phants, la convocation en s\u00e9lection des cadres de cette \u00e9quipe comme \u00a0Yao Kouassi Gervais dit Gervinho et Serey Di\u00e9 Geoffroy s\u2019explique par les belles performances de ces derniers dans leurs clubs respectifs.\u00a0<\/p>\n<p>\u00ab C\u2019est parce que Gervinho fait de belles performances \u00e0 Parmes ( Club Italien) qu\u2019il est \u00e9ligible en s\u00e9lection. Je suis satisfait et je compte sur Serey Di\u00e9 \u00e9galement. Je ne promets \u00e0 personne d\u2019avoir une place de titulaire en s\u00e9lection, \u00a0c\u2019est leurs performances qui vont dicter cela\u00bb, a soutenu M. Beaumelle dans une conf\u00e9rence de presse.\u00a0<\/p>\n<p>\u00ab Quand je regarde cette liste, je suis plut\u00f4t confiant et satisfait. Ma philosophie, c\u2019est de donner la confiance aux joueurs. Cette \u00e9quipe de la C\u00f4te d\u2019Ivoire a fi\u00e8re allure aujourd\u2019hui. Sur le papier, nous avons une \u00e9quipe magnifique et il va falloir le reproduire sur le terrain \u00bb, a estim\u00e9 le s\u00e9lectionneur de l\u2019\u00e9quipe nationale ivoirienne de football.<\/p>\n<p>\u00a0Poursuivant, M. Beaumelle qui a soutenu que la s\u00e9lection ivoirienne peut pr\u00e9tendre jouer contre n\u2019importe quelle \u00e9quipe, a toutefois regrett\u00e9 que \u00ab l\u2019\u00e9quipe ivoirienne ne fait plus peur aujourd\u2019hui comme avant \u00bb. \u00a0<\/p>\n<p>Cet \u00e9change du coach des El\u00e9phants avec les m\u00e9dias intervient en pr\u00e9lude \u00e0 la double confrontation entre la C\u00f4te d\u2019Ivoire et Madagascar pr\u00e9vue respectivement le 12 novembre prochain au Stade olympique d\u2019Ebimp\u00e9 (C\u00f4te d\u2019Ivoire) et le 17 novembre prochain \u00e0 Madagascar et comptant pour les 3\u00e8 et 4\u00e8 journ\u00e9e des \u00e9liminatoires de la CAN 2021.<\/p>\n<p>La liste des joueurs convoqu\u00e9s<\/p>\n<p>1- Sylvain Gbohouo ( TP Mazemb\u00e9)<\/p>\n<p>2- Ira Tap\u00e9 ( FC San-Pedro)<\/p>\n<p>3- Abdoul Karim Ciss\u00e9 ( Asec Mimosas)<\/p>\n<p>4- \u00c9ric Bailly ( Manchester United)<\/p>\n<p>5- Willy Boly ( Wolverhampton)\u00a0<\/p>\n<p>6- Simon Deli ( Club Bruges)<\/p>\n<p>7- Wilfried Kanon ( Pyramids FC)<\/p>\n<p>8- Sinaly Diomand\u00e9 ( Olympique Lyonnais)<\/p>\n<p>9- Serge Aurier ( Tottenham)<\/p>\n<p>10- Odilon Kossonou ( Club Bruges)<\/p>\n<p>11- Maxwell Cornet ( Olympique Lyonnais)<\/p>\n<p>12- Kalpi Ouattara ( Ostersunds FK)<\/p>\n<p>13- Geoffroy Serey Di\u00e9 ( FC Sion)<\/p>\n<p>14- Ibrahim Sangar\u00e9 ( PSV Eindhoven )<\/p>\n<p>15- Max Alain Gradel ( Sivasspor)<\/p>\n<p>16- Habib Maiga ( FC Metz)<\/p>\n<p>17- Franck Kessi\u00e9 ( Milan AC)<\/p>\n<p>18- Jean Daniel Akpa ( Lazio Rome)<\/p>\n<p>19- Nicolas P\u00e9p\u00e9 ( Arsenal)<\/p>\n<p>20- Jean \u00c9vrard Kouassi ( Wuhan Zall)<\/p>\n<p>21- Yao Kouassi Gervais ( Parmes)<\/p>\n<p>22- Wilfried Zaha ( Cristal Palace)<\/p>\n<p>23- J\u00e9r\u00e9mie Boga ( Sassuolo)<\/p>\n<p>24- Christian Kouam\u00e9 ( Fiorentina)<\/p>\n<p>25- Jonathan Kodjia ( Al Gharafa)<\/p>\n<p>26- S\u00e9bastien Haller ( West Ham)<\/p>\n<\/div>\n<p>Auteur: APA News<br \/>\n<a href=\"https:\/\/www.journalducameroun.com\/eliminatoires-can-2021-patrice-beaumelle-convoque-26-joueurs-pour-le-match-cote-divoire-madagascar\/\">Cliquez ici pour lire l&rsquo;article depuis sa source.<\/a><\/p>\n","protected":false},"excerpt":{"rendered":"<p>Publi\u00e9 le 05.11.2020 \u00e0 21h18 par APA News Le s\u00e9lectionneur de l\u2019\u00e9quipe nationale ivoirienne de football, Patrice Beaumelle a d\u00e9voil\u00e9 jeudi \u00e0 Abidjan, une liste de 26 joueurs convoqu\u00e9s pour la confrontation C\u00f4te d\u2019Ivoire-Madagascar pr\u00e9vue le 12 novembre prochain au stade olympique Alassane Ouattara d\u2019Ebimp\u00e9 au Nord d\u2019Abidjan et comptant pour la 3\u00e8 journ\u00e9e des [&hellip;]<\/p>\n","protected":false},"author":1965,"featured_media":0,"comment_status":"closed","ping_status":"closed","sticky":false,"template":"","format":"standard","meta":{"fifu_image_url":"","fifu_image_alt":"","footnotes":""},"categories":[73,82],"tags":[],"class_list":["post-103883","post","type-post","status-publish","format-standard","hentry","category-actualite","category-cameroun"],"_links":{"self":[{"href":"https:\/\/linitiative.ca\/International\/wp-json\/wp\/v2\/posts\/103883","targetHints":{"allow":["GET"]}}],"collection":[{"href":"https:\/\/linitiative.ca\/International\/wp-json\/wp\/v2\/posts"}],"about":[{"href":"https:\/\/linitiative.ca\/International\/wp-json\/wp\/v2\/types\/post"}],"author":[{"embeddable":true,"href":"https:\/\/linitiative.ca\/International\/wp-json\/wp\/v2\/users\/1965"}],"replies":[{"embeddable":true,"href":"https:\/\/linitiative.ca\/International\/wp-json\/wp\/v2\/comments?post=103883"}],"version-history":[{"count":0,"href":"https:\/\/linitiative.ca\/International\/wp-json\/wp\/v2\/posts\/103883\/revisions"}],"wp:attachment":[{"href":"https:\/\/linitiative.ca\/International\/wp-json\/wp\/v2\/media?parent=103883"}],"wp:term":[{"taxonomy":"category","embeddable":true,"href":"https:\/\/linitiative.ca\/International\/wp-json\/wp\/v2\/categories?post=103883"},{"taxonomy":"post_tag","embeddable":true,"href":"https:\/\/linitiative.ca\/International\/wp-json\/wp\/v2\/tags?post=103883"}],"curies":[{"name":"wp","href":"https:\/\/api.w.org\/{rel}","templated":true}]}}