{"id":103884,"date":"2020-11-05T18:03:38","date_gmt":"2020-11-05T23:03:38","guid":{"rendered":"https:\/\/linitiative.ca\/International\/maroc-les-parties-libyennes-examinent-les-questions-de-lunification-des-institutions-et-les-preparatifs-pour-les-elections-legislative-et-presidentielle\/"},"modified":"2020-11-05T18:03:38","modified_gmt":"2020-11-05T23:03:38","slug":"maroc-les-parties-libyennes-examinent-les-questions-de-lunification-des-institutions-et-les-preparatifs-pour-les-elections-legislative-et-presidentielle","status":"publish","type":"post","link":"https:\/\/linitiative.ca\/International\/maroc-les-parties-libyennes-examinent-les-questions-de-lunification-des-institutions-et-les-preparatifs-pour-les-elections-legislative-et-presidentielle\/","title":{"rendered":"Maroc : les parties libyennes examinent les questions de l\u2019unification des institutions et les pr\u00e9paratifs pour les \u00e9lections l\u00e9gislative et pr\u00e9sidentielle"},"content":{"rendered":"<div readability=\"32\">\n<p>Publi\u00e9 le 06.11.2020 \u00e0 00h18 par APA News<\/p>\n<\/div>\n<div readability=\"85\">\n<p>Les repr\u00e9sentants du parlement du Haut conseil d\u2019Etat libyens ont tenu, les 4 et 5 novembre \u00e0 Bouznika au Maroc, un nouveau round de dialogue consacr\u00e9 \u00e0 l\u2019examen de nombre de questions se rapportant notamment \u00e0 l\u2019unification des institutions \u00e9tatiques et aux moyens \u00e0 mettre \u00e0 la disposition du pouvoir ex\u00e9cutif pour pr\u00e9parer la tenue d\u2019\u00e9lections l\u00e9gislatives et pr\u00e9sidentielle sur une base juridique et constitutionnelle.Dans une d\u00e9claration publi\u00e9e \u00e0 l\u2019issue de cette r\u00e9union, les parties libyennes ont soulign\u00e9 l\u2019importance du dialogue politique et la n\u00e9cessit\u00e9 de le r\u00e9ussir, mettant l\u2019accent sur l\u2019imp\u00e9ratif de pr\u00e9server le processus d\u00e9mocratique pour r\u00e9aliser les objectifs escompt\u00e9s et \u00e0 leur t\u00eate l\u2019unification des institutions \u00e9tatiques et la pr\u00e9paration par l\u2019appareil ex\u00e9cutif des \u00e9lections l\u00e9gislatives et pr\u00e9sidentielle.<\/p>\n<p>Lors de ce round de dialogue, les deux parties ont examin\u00e9 la m\u00e9thodologie de gestion du dialogue politique libyen vu qu\u2019il s\u2019agit d\u2019une op\u00e9ration purement libyenne et convenu des m\u00e9canismes de prise de d\u00e9cision \u00e0 travers le dialogue politique.<\/p>\n<p>Elles ont \u00e9galement d\u00e9fini les crit\u00e8res juridiques et professionnels de choix des personnalit\u00e9s devant occuper les hautes fonctions au sein du gouvernement libyen ainsi que les priorit\u00e9s de l\u2019action du gouvernement durant l\u2019\u00e9tape pr\u00e9liminaire, lit-on dans la d\u00e9claration.<\/p>\n<p>De son c\u00f4t\u00e9, le ministre marocain des Affaires \u00e9trang\u00e8res, Nasser Bourita a, dans une allocution prononc\u00e9e \u00e0 l\u2019issue de ce dialogue, r\u00e9affirm\u00e9 que le Maroc est convaincu \u00ab que seuls les Libyens peuvent r\u00e9soudre leurs probl\u00e8mes \u00bb.<\/p>\n<p>Selon lui, l\u2019approche principale du dialogue est qu\u2019il \u00e9mane des Libyens pour les Libyens eux-m\u00eames, ajoutant que le dialogue de Bouznika a enclench\u00e9 une dynamique \u00ab positive \u00bb qui s\u2019est cristallis\u00e9e dans d\u2019autres rencontres et donn\u00e9 lieu \u00e0 des r\u00e9sultats \u00ab positifs \u00bb.<\/p>\n<p>\u00ab Nous sommes pass\u00e9s de l\u2019obscurit\u00e9 \u00e0 l\u2019espoir et \u00e0 l\u2019optimisme. Aujourd\u2019hui, un esprit positif r\u00e8gne \u00bb, s\u2019est-il r\u00e9joui, formant le v\u0153u de voir cette dynamique se poursuivre, que la Libye retrouve sa stabilit\u00e9 et que le citoyen libyen puisse vivre dans la dignit\u00e9 et le bien-\u00eatre.<\/p>\n<p>M. Bourita a, en outre, soulign\u00e9 que le Maroc \u00ab n\u2019a aucune initiative ni vision. Le Maroc a une seule volont\u00e9 celle de se tenir aux c\u00f4t\u00e9s des Libyens dans un esprit positif et sans aucune influence et de les aider \u00e0 s\u2019asseoir autour de la m\u00eame table. Le Maroc ne fait que promouvoir sa confiance en la capacit\u00e9 des Libyens \u00e0 surmonter les difficult\u00e9s. Et ils l\u2019ont montr\u00e9 au cours des trois derniers mois \u00bb.<\/p>\n<p>\u00ab Le Maroc a une conviction forte \u00e0 savoir que les deux entit\u00e9s (Ndlr : Parlement et Haut Conseil de l\u2019Etat) sont indispensables dans chaque progr\u00e8s r\u00e9alis\u00e9 pour parvenir \u00e0 une solution \u00e0 la crise libyenne car ils ont des extensions territoriales et populaires et disposent d\u2019une l\u00e9gitimit\u00e9 qui forme un noyau solide autour duquel une solution peut \u00eatre trouv\u00e9e \u00bb, a-t-il insist\u00e9.<\/p>\n<\/div>\n<p>Auteur: APA News<br \/>\n<a href=\"https:\/\/www.journalducameroun.com\/maroc-les-parties-libyennes-examinent-les-questions-de-lunification-des-institutions-et-les-preparatifs-pour-les-elections-legislative-et-presidentielle\/\">Cliquez ici pour lire l&rsquo;article depuis sa source.<\/a><\/p>\n","protected":false},"excerpt":{"rendered":"<p>Publi\u00e9 le 06.11.2020 \u00e0 00h18 par APA News Les repr\u00e9sentants du parlement du Haut conseil d\u2019Etat libyens ont tenu, les 4 et 5 novembre \u00e0 Bouznika au Maroc, un nouveau round de dialogue consacr\u00e9 \u00e0 l\u2019examen de nombre de questions se rapportant notamment \u00e0 l\u2019unification des institutions \u00e9tatiques et aux moyens \u00e0 mettre \u00e0 la [&hellip;]<\/p>\n","protected":false},"author":1965,"featured_media":0,"comment_status":"closed","ping_status":"closed","sticky":false,"template":"","format":"standard","meta":{"fifu_image_url":"","fifu_image_alt":"","footnotes":""},"categories":[73,82],"tags":[],"class_list":["post-103884","post","type-post","status-publish","format-standard","hentry","category-actualite","category-cameroun"],"_links":{"self":[{"href":"https:\/\/linitiative.ca\/International\/wp-json\/wp\/v2\/posts\/103884","targetHints":{"allow":["GET"]}}],"collection":[{"href":"https:\/\/linitiative.ca\/International\/wp-json\/wp\/v2\/posts"}],"about":[{"href":"https:\/\/linitiative.ca\/International\/wp-json\/wp\/v2\/types\/post"}],"author":[{"embeddable":true,"href":"https:\/\/linitiative.ca\/International\/wp-json\/wp\/v2\/users\/1965"}],"replies":[{"embeddable":true,"href":"https:\/\/linitiative.ca\/International\/wp-json\/wp\/v2\/comments?post=103884"}],"version-history":[{"count":0,"href":"https:\/\/linitiative.ca\/International\/wp-json\/wp\/v2\/posts\/103884\/revisions"}],"wp:attachment":[{"href":"https:\/\/linitiative.ca\/International\/wp-json\/wp\/v2\/media?parent=103884"}],"wp:term":[{"taxonomy":"category","embeddable":true,"href":"https:\/\/linitiative.ca\/International\/wp-json\/wp\/v2\/categories?post=103884"},{"taxonomy":"post_tag","embeddable":true,"href":"https:\/\/linitiative.ca\/International\/wp-json\/wp\/v2\/tags?post=103884"}],"curies":[{"name":"wp","href":"https:\/\/api.w.org\/{rel}","templated":true}]}}