{"id":103885,"date":"2020-11-05T12:22:06","date_gmt":"2020-11-05T17:22:06","guid":{"rendered":"https:\/\/linitiative.ca\/International\/gouvernance-economique-le-plaidoyer-du-gicam\/"},"modified":"2020-11-05T12:22:06","modified_gmt":"2020-11-05T17:22:06","slug":"gouvernance-economique-le-plaidoyer-du-gicam","status":"publish","type":"post","link":"https:\/\/linitiative.ca\/International\/gouvernance-economique-le-plaidoyer-du-gicam\/","title":{"rendered":"Gouvernance \u00e9conomique : le plaidoyer du Gicam"},"content":{"rendered":"<p>\u00ab On observe un probl\u00e8me d\u2019inefficacit\u00e9 dans le d\u00e9ploiement de l\u2019action gouvernementale dans le domaine \u00e9conomique. Il se traduit tant\u00f4t par l\u2019accumulation de consid\u00e9rables lenteurs dans la mise en \u0153uvre des initiatives (projets) annonc\u00e9es, tant\u00f4t par la r\u00e9alisation d\u2019initiatives sans lien de coh\u00e9rence avec la vision politique \u00e9dict\u00e9e, ou alors simplement par des projets annonc\u00e9s sans lendemains.<\/p>\n<p>Pour y rem\u00e9dier, le GICAM encourage la r\u00e9forme de la structure du Gouvernement, notamment par la fusion de certains Minist\u00e8res pour plus d\u2019efficacit\u00e9 et de fluidit\u00e9 dans l\u2019action. Une situation que le Cameroun a connue par le pass\u00e9 avec les minist\u00e8res en charge de l\u2019\u00e9conomie et des finances, les minist\u00e8res en charge des questions aux relations professionnelles et \u00e0 l\u2019emploi, les minist\u00e8res en charge du commerce et de l\u2019industrie.<\/p>\n<p>Il est \u00e9galement pr\u00e9conis\u00e9 la digitalisation accrue des proc\u00e9dures administratives ; un audit p\u00e9riodique de tous les Minist\u00e8res et entreprises publiques ainsi que la publication syst\u00e9matique de leurs r\u00e9sultats.<\/p>\n<p><strong>Lire aussi<\/strong> : <a href=\"https:\/\/ecomatin.net\/partenariat-economique-lallemagne-pose-ses-conditions-au-gicam\/\">Partenariat \u00e9conomique\u00a0: l\u2019Allemagne pose ses conditions au Gicam<\/a><\/p>\n<p><strong>Optimisation des recettes non fiscales<\/strong><\/p>\n<p>L\u2019int\u00e9gration des \u00e9conomies r\u00e9gionales et mondiales implique la suppression des barri\u00e8res douani\u00e8res ainsi que la simplification de la fiscalit\u00e9, ce qui a pour cons\u00e9quence la diminution des recettes attendues des services douaniers et fiscaux. L\u2019Etat devrait donc rechercher un modus vivendi en renfor\u00e7ant, par l\u2019entremise d\u2019une strat\u00e9gie appropri\u00e9e, la mobilisation accrue des recettes non fiscales.<\/p>\n<p>En vue d\u2019accroitre le niveau de recouvrement des recettes, il est n\u00e9cessaire de renforcer l\u2019infrastructure de collecte des recettes qui permettra de cr\u00e9er des institutions plus transparentes. Cela passerait par la cr\u00e9ation d\u2019un cadre structurel d\u00e9di\u00e9 \u00e0 la collecte de ce type de recettes secondaires qui serait autonome et totalement d\u00e9tach\u00e9 de la Direction G\u00e9n\u00e9rale des Imp\u00f4ts dans sa configuration actuelle.<\/p>\n<p>Les recommandations du Gicam pour acc\u00e9l\u00e9rer cette optimisation des recettes non-fiscales comprennent entre autres : l\u2019exploitation durable des ressources naturelles du Cameroun, la modernisation de la r\u00e8glementation sur les partenariats publics priv\u00e9s (PPP) et sur les d\u00e9l\u00e9gations de services publics, la redynamisation du patrimoine financier et non financier de l\u2019Etat et l\u2019exportation des services publics camerounais dans la sous-r\u00e9gion.<\/p>\n<p><strong>Lire aussi :<\/strong> <a href=\"https:\/\/ecomatin.net\/relance-post-covid-les-propositions-du-gicam-pour-sauver-le-secteur-prive\/\">Relance post-covid\u00a0: les propositions du Gicam pour sauver le secteur priv\u00e9<\/a><\/p>\n<p><strong>Rationalisation de l\u2019endettement public<\/strong><\/p>\n<p>Avec le souci de la consolidation budg\u00e9taire, rationaliser l\u2019endettement public et corr\u00e9lativement les d\u00e9penses de l\u2019Etat devient une absolue n\u00e9cessit\u00e9. Le poids du service de la dette dans l\u2019enveloppe des d\u00e9penses publiques est un facteur dont il faut tenir le plus grand compte, tant les risques li\u00e9s \u00e0 des changements brusques et importants de la conjoncture appellent davantage de prudence dans la conception de la politique d\u2019endettement de l\u2019Etat.<\/p>\n<p>Avec, entre autres, les enjeux de la crise sanitaire de la Covid-19, inverser la tendance de l\u2019endettement est une n\u00e9cessit\u00e9 de : renforcer le contr\u00f4le budg\u00e9taire, r\u00e9former la gouvernance de la dette, privil\u00e9gier l\u2019endettement \u00ab productif \u00bb, accentuer la mobilisation de ressources internes et engager une baisse drastique du train de vie de l\u2019Etat.<\/p>\n<p><strong>Lire aussi<\/strong> : <a href=\"https:\/\/ecomatin.net\/formation-professionnelle-le-gicam-demande-des-comptes-au-minefop\/\">Formation professionnelle\u00a0: le Gicam demande des comptes au Minfop<\/a><\/p>\n<p><strong>R\u00e9formes budg\u00e9taires et des march\u00e9s publics<\/strong><\/p>\n<p>Un lien de causalit\u00e9 existe entre l\u2019efficacit\u00e9 des march\u00e9s publics et la mobilisation des ressources pour le financement des infrastructures. En r\u00e9alit\u00e9, la qualit\u00e9 du processus d\u2019acquisition des biens et services publics est au c\u0153ur de la probl\u00e9matique du financement des infrastructures. Diverses d\u00e9ficiences ou inefficacit\u00e9s associ\u00e9es au d\u00e9veloppement des infrastructures au Cameroun se traduisent g\u00e9n\u00e9ralement par un surench\u00e9rissement consid\u00e9rable du co\u00fbt des ouvrages doubl\u00e9 d\u2019un rallongement des d\u00e9lais d\u2019ex\u00e9cution et d\u2019un amoindrissement de la qualit\u00e9 des infrastructures ex\u00e9cut\u00e9es, tout ceci assorti de charges d\u2019int\u00e9r\u00eats excessives r\u00e9sultant des emprunts contract\u00e9s.<\/p>\n<p>Les besoins de financement des infrastructures, toutes cat\u00e9gories confondues, sont estim\u00e9s de 20 000 \u00e0 25 000 milliards FCFA, \u00e0 l\u2019horizon 2035, pour \u00e9quiper le pays de mani\u00e8re satisfaisante. Ce qui \u00e9quivaut \u00e0 une d\u00e9pense d\u2019investissement annuelle de 2000 \u00e0 2500 milliards FCFA sur une dizaine d\u2019ann\u00e9es. Ces besoins d\u2019investissement doivent \u00eatre rapport\u00e9s aux d\u00e9penses actuelles de l\u2019ordre de 900 \u00e0 1100 milliards FCFA. Pour Mobiliser de tels financements, le Gicam recommande entre autres de privil\u00e9gier l\u2019autonomie interne dans la d\u00e9finition des projets, privil\u00e9gier l\u2019\u00e9pargne interne, renforcer la participation du secteur priv\u00e9 au financement des infrastructures, en recourant autant que possible aux partenariats publics priv\u00e9s (PPP), etc.<\/p>\n<p><strong>Lire aussi<\/strong> : \u00a0<a href=\"https:\/\/ecomatin.net\/formation-emploi-le-gicam-denonce-la-formation-professionnelle\/\">Formation professionnelle\u00a0: le Gicam d\u00e9nonce la formation professionnelle<\/a><\/p>\n<p><strong>Modernisation de la Justice<\/strong><\/p>\n<p>Les faiblesses et d\u00e9rives du syst\u00e8me judiciaire ont un effet tr\u00e8s n\u00e9faste sur l\u2019activit\u00e9 \u00e9conomique. L\u2019ins\u00e9curit\u00e9 juridique est, de fait, class\u00e9e par diff\u00e9rents rapports internationaux au rang des tous premiers obstacles pour les investissements priv\u00e9s. Au Cameroun, la situation est d\u2019autant plus pr\u00e9occupante que les insuffisances touchent s\u00e9v\u00e8rement tous les maillons de la cha\u00eene judiciaire.<\/p>\n<p>Pour un meilleur contr\u00f4le des actions de tous les intervenants, les proc\u00e9dures doivent \u00eatre r\u00e9form\u00e9es, notamment : \u00e9tendre les modes de saisine du Conseil Sup\u00e9rieur de la Magistrature, \u00e9tendre les missions et les moyens de la Commission Nationale des Droits de l\u2019Homme et des Libert\u00e9s afin de renforcer son r\u00f4le de vigie en mati\u00e8re de violations des droits et libert\u00e9s fondamentales y compris dans le cadre de proc\u00e9dures judiciaires ; syst\u00e9matiser la sanction des magistrats quand il est manifeste que le droit n\u2019a pas \u00e9t\u00e9 dit ; encourager le recours aux modes alternatifs de r\u00e8glements des diff\u00e9rends notamment l\u2019arbitrage, construire les infrastructures et renforcer les \u00e9quipements, doter les chambres sp\u00e9cialis\u00e9es de plus de ressources, sp\u00e9cialiser certains magistrats dans certains domaines sp\u00e9cifiques.<\/p>\n<p>Le renforcement du syst\u00e8me judiciaire devra aussi passer par son informatisation.<\/p>\n<p><strong>Lire aussi<\/strong> : <a href=\"https:\/\/ecomatin.net\/quel-est-le-poids-du-gicam-dans-leconomie-dans-quel-etat-se-trouve-lenvironnement-des-affaires-au-cameroun-comment-les-entreprises-du-gicam-sont-elles-administrees\/\">Quel est le poids du Gicam dans l\u2019\u00e9conomie\u00a0?<\/a><\/p>\n<p><strong>Lutte contre la fraude, la contrebande et la contrefa\u00e7on<\/strong><\/p>\n<p>La contrebande, la fraude et la contrefa\u00e7on ont pour cons\u00e9quences : la destruction du tissu industriel local, la perte de revenus fiscaux et douaniers, la manipulation et la tromperie des consommateurs sur la qualit\u00e9 et les propri\u00e9t\u00e9s du produit, les r\u00e9percussions sur la sant\u00e9 et la s\u00e9curit\u00e9, la d\u00e9gradation du climat des investissements.<\/p>\n<p>Pour enrayer ces fl\u00e9aux, il y a n\u00e9cessit\u00e9 de mettre en place une l\u00e9gislation sp\u00e9ciale sur la fraude et la contrefa\u00e7on ; harmoniser, voire uniformiser les sanctions qui devront \u00eatre dissuasives contre les fraudeurs et les contrefacteurs ; introduire des chartes d\u2019int\u00e9grit\u00e9 au niveau de l\u2019Administration ; renforcer les capacit\u00e9s des Administrations concern\u00e9es \u00bb.<\/p>\n<div class=\"awac-wrapper awac widget posts-list-widget-11\">\n<h4 class=\"widget-title\">Le plus r\u00e9cent<\/h4>\n<\/div>\n<p>Auteur: Eco Matin<br \/>\n<a href=\"https:\/\/ecomatin.net\/gicam\/\">Cliquez ici pour lire l&rsquo;article depuis sa source.<\/a><\/p>\n","protected":false},"excerpt":{"rendered":"<p>\u00ab On observe un probl\u00e8me d\u2019inefficacit\u00e9 dans le d\u00e9ploiement de l\u2019action gouvernementale dans le domaine \u00e9conomique. Il se traduit tant\u00f4t par l\u2019accumulation de consid\u00e9rables lenteurs dans la mise en \u0153uvre des initiatives (projets) annonc\u00e9es, tant\u00f4t par la r\u00e9alisation d\u2019initiatives sans lien de coh\u00e9rence avec la vision politique \u00e9dict\u00e9e, ou alors simplement par des projets annonc\u00e9s [&hellip;]<\/p>\n","protected":false},"author":1969,"featured_media":0,"comment_status":"closed","ping_status":"closed","sticky":false,"template":"","format":"standard","meta":{"fifu_image_url":"","fifu_image_alt":"","footnotes":""},"categories":[82,78],"tags":[],"class_list":["post-103885","post","type-post","status-publish","format-standard","hentry","category-cameroun","category-economie"],"_links":{"self":[{"href":"https:\/\/linitiative.ca\/International\/wp-json\/wp\/v2\/posts\/103885","targetHints":{"allow":["GET"]}}],"collection":[{"href":"https:\/\/linitiative.ca\/International\/wp-json\/wp\/v2\/posts"}],"about":[{"href":"https:\/\/linitiative.ca\/International\/wp-json\/wp\/v2\/types\/post"}],"author":[{"embeddable":true,"href":"https:\/\/linitiative.ca\/International\/wp-json\/wp\/v2\/users\/1969"}],"replies":[{"embeddable":true,"href":"https:\/\/linitiative.ca\/International\/wp-json\/wp\/v2\/comments?post=103885"}],"version-history":[{"count":0,"href":"https:\/\/linitiative.ca\/International\/wp-json\/wp\/v2\/posts\/103885\/revisions"}],"wp:attachment":[{"href":"https:\/\/linitiative.ca\/International\/wp-json\/wp\/v2\/media?parent=103885"}],"wp:term":[{"taxonomy":"category","embeddable":true,"href":"https:\/\/linitiative.ca\/International\/wp-json\/wp\/v2\/categories?post=103885"},{"taxonomy":"post_tag","embeddable":true,"href":"https:\/\/linitiative.ca\/International\/wp-json\/wp\/v2\/tags?post=103885"}],"curies":[{"name":"wp","href":"https:\/\/api.w.org\/{rel}","templated":true}]}}