{"id":103899,"date":"2020-11-06T05:00:00","date_gmt":"2020-11-06T10:00:00","guid":{"rendered":"https:\/\/linitiative.ca\/International\/jardins-publics-et-cafeterias-fermes-a-alger-centre\/"},"modified":"2020-11-06T05:00:00","modified_gmt":"2020-11-06T10:00:00","slug":"jardins-publics-et-cafeterias-fermes-a-alger-centre","status":"publish","type":"post","link":"https:\/\/linitiative.ca\/International\/jardins-publics-et-cafeterias-fermes-a-alger-centre\/","title":{"rendered":"Jardins publics et caf\u00e9t\u00e9rias ferm\u00e9s \u00e0 Alger-Centre"},"content":{"rendered":"<div id=\"originalText\" readability=\"53\">\n<p class=\"c6\">L\u2019APC d\u2019Alger-Centre a annonc\u00e9, hier, sur sa page Facebook la fermeture de trois jardins publics, de terrasses de cafeterias et de restaurants. Cette d\u00e9cision, prise suite \u00e0 la r\u00e9union de la commission s\u00e9curitaire de la wilaya d&rsquo;Alger, charg\u00e9e de la lutte contre la propagation de la Covid-19, prendra effet \u00e0 partir de ce vendredi 06 novembre.<\/p>\n<p class=\"c6\">Les jardins concern\u00e9s par la fermeture sont ceux de Bierut, de la Libert\u00e9, et de l\u2019horloge florale. Il a \u00e9t\u00e9 d\u00e9cid\u00e9 \u00e9galement de fermer tous les espaces et les lieux publics exploit\u00e9s par les caf\u00e9t\u00e9rias, en interdisant l&rsquo;utilisation des tables et des chaises dans ces lieux, en plus des restaurants et des Fast-Foods qui devront servir \u00e0 emoporter. Les vendeurs de th\u00e9 sont aussi concern\u00e9s par cette mesure, visant \u00e0 lutter contre la propagation du Coronavirus.<\/p>\n<p class=\"c6\">Le communiqu\u00e9 signale enfin que des sanctions sont pr\u00e9vues en cas de violation de ces mesures.\u00a0<\/p>\n<p class=\"c7\">\u00a0<\/p>\n<p class=\"c7\"><strong>R\u00e9daction WEB<\/strong><\/p>\n<\/div>\n<div id=\"text_core\" readability=\"53\">\n<p class=\"c6\">L\u2019APC d\u2019Alger-Centre a annonc\u00e9, hier, sur sa page Facebook la fermeture de trois jardins publics, de terrasses de cafeterias et de restaurants. Cette d\u00e9cision, prise suite \u00e0 la r\u00e9union de la commission s\u00e9curitaire de la wilaya d&rsquo;Alger, charg\u00e9e de la lutte contre la propagation de la Covid-19, prendra effet \u00e0 partir de ce vendredi 06 novembre.<\/p>\n<p class=\"c6\">Les jardins concern\u00e9s par la fermeture sont ceux de Bierut, de la Libert\u00e9, et de l\u2019horloge florale. Il a \u00e9t\u00e9 d\u00e9cid\u00e9 \u00e9galement de fermer tous les espaces et les lieux publics exploit\u00e9s par les caf\u00e9t\u00e9rias, en interdisant l&rsquo;utilisation des tables et des chaises dans ces lieux, en plus des restaurants et des Fast-Foods qui devront servir \u00e0 emoporter. Les vendeurs de th\u00e9 sont aussi concern\u00e9s par cette mesure, visant \u00e0 lutter contre la propagation du Coronavirus.<\/p>\n<p class=\"c6\">Le communiqu\u00e9 signale enfin que des sanctions sont pr\u00e9vues en cas de violation de ces mesures.\u00a0<\/p>\n<p class=\"c7\">\u00a0<\/p>\n<p class=\"c7\"><strong>R\u00e9daction WEB<\/strong><\/p>\n<\/div>\n<p>Auteur:<br \/>\n<a href=\"https:\/\/www.liberte-algerie.com\/actualite\/jardins-publics-et-cafeterias-fermes-a-alger-centre-348493\">Cliquez ici pour lire l&rsquo;article depuis sa source.<\/a><\/p>\n","protected":false},"excerpt":{"rendered":"<p>L\u2019APC d\u2019Alger-Centre a annonc\u00e9, hier, sur sa page Facebook la fermeture de trois jardins publics, de terrasses de cafeterias et de restaurants. Cette d\u00e9cision, prise suite \u00e0 la r\u00e9union de la commission s\u00e9curitaire de la wilaya d&rsquo;Alger, charg\u00e9e de la lutte contre la propagation de la Covid-19, prendra effet \u00e0 partir de ce vendredi 06 [&hellip;]<\/p>\n","protected":false},"author":1742,"featured_media":0,"comment_status":"closed","ping_status":"closed","sticky":false,"template":"","format":"standard","meta":{"fifu_image_url":"","fifu_image_alt":"","footnotes":""},"categories":[73,53],"tags":[],"class_list":["post-103899","post","type-post","status-publish","format-standard","hentry","category-actualite","category-algerie"],"_links":{"self":[{"href":"https:\/\/linitiative.ca\/International\/wp-json\/wp\/v2\/posts\/103899","targetHints":{"allow":["GET"]}}],"collection":[{"href":"https:\/\/linitiative.ca\/International\/wp-json\/wp\/v2\/posts"}],"about":[{"href":"https:\/\/linitiative.ca\/International\/wp-json\/wp\/v2\/types\/post"}],"author":[{"embeddable":true,"href":"https:\/\/linitiative.ca\/International\/wp-json\/wp\/v2\/users\/1742"}],"replies":[{"embeddable":true,"href":"https:\/\/linitiative.ca\/International\/wp-json\/wp\/v2\/comments?post=103899"}],"version-history":[{"count":0,"href":"https:\/\/linitiative.ca\/International\/wp-json\/wp\/v2\/posts\/103899\/revisions"}],"wp:attachment":[{"href":"https:\/\/linitiative.ca\/International\/wp-json\/wp\/v2\/media?parent=103899"}],"wp:term":[{"taxonomy":"category","embeddable":true,"href":"https:\/\/linitiative.ca\/International\/wp-json\/wp\/v2\/categories?post=103899"},{"taxonomy":"post_tag","embeddable":true,"href":"https:\/\/linitiative.ca\/International\/wp-json\/wp\/v2\/tags?post=103899"}],"curies":[{"name":"wp","href":"https:\/\/api.w.org\/{rel}","templated":true}]}}