{"id":103910,"date":"2020-11-06T10:30:00","date_gmt":"2020-11-06T15:30:00","guid":{"rendered":"https:\/\/linitiative.ca\/International\/zoubeir-baya-letoile-est-desormais-sur-la-bonne-voie\/"},"modified":"2020-11-06T10:30:00","modified_gmt":"2020-11-06T15:30:00","slug":"zoubeir-baya-letoile-est-desormais-sur-la-bonne-voie","status":"publish","type":"post","link":"https:\/\/linitiative.ca\/International\/zoubeir-baya-letoile-est-desormais-sur-la-bonne-voie\/","title":{"rendered":"Zoubeir Baya\u00a0: \u00abL\u2019Etoile est d\u00e9sormais sur la bonne voie\u00a0!\u00bb"},"content":{"rendered":"<p class=\"p1 c3\"><span class=\"c2\">L\u2019Etoile semble bel et bien r\u00e9cup\u00e9rer ses rep\u00e8res et son label,\u00e0 savoir l\u2019union sacr\u00e9e et la solidarit\u00e9 entre ses diff\u00e9rentes composantes.<\/span><\/p>\n<p class=\"p1 c3\"><span class=\"c2\">En effet,un valorisant \u00e9lan de r\u00e9conciliation est entrain de se mettre en place entre des personnalit\u00e9s passionn\u00e9es par le club et surtout f\u00e9d\u00e9ratrices, gr\u00e2ce \u00e0 l\u2019apport de Hassen Chaouech et FouedChettali en mati\u00e8re de rapprochement de points de vue et surtout d\u2019\u00e9tats d\u2019\u00e2mes de chacun,avec comme vecteur essentiel la valorisation de l\u2019int\u00e9r\u00eat de l\u2019Etoile et l\u2019att\u00e9nuation de l\u2019effet des \u00e9gos.<\/span><\/p>\n<p class=\"p1 c3\"><span class=\"c2\">L\u2019une des figures pr\u00e9pond\u00e9rantes de ce nouvel \u00e9lan de l\u2019Etoile,n\u2019est autre que l\u2019ex-gloire de l\u2019\u00e9quipe Zoubeir Baya qui n\u2019a pas h\u00e9sit\u00e9 \u00e0 poster un message d\u2019engagement depuis Abu Dhabi o\u00f9 il r\u00e9side actuellement\u00a0\u00ab\u00a0J\u2019ai donn\u00e9 mon accord depuis deux semaines pour faire partie de cette nouvelle orientation que connaitra l\u2019Etoile incessamment, avec notamment la mise en place d\u2019une commission de cinq personnes capables de remettre la machine de l\u2019Etoile \u00e0 flot, et surtout connues pour leur appartenance ind\u00e9fectible au club.Je peux affirmer que l\u2019Etoile est d\u00e9sormais sur la bonne voie\u00a0\u00bb,a d\u00e9clar\u00e9 Zoubeir Baya sur un ton f\u00e9d\u00e9rateur et manifestement enthousiaste\u00a0;et qui sera de retour \u00e0 Sousse en d\u00e9but de la semaine prochaine pour apporter concr\u00e8tement sa pierre \u00e0 l\u2019\u00e9difice,d\u2019une Etoile ressuscit\u00e9e. <span class=\"Apple-converted-space\">\u00a0<\/span><\/span><\/p>\n<p class=\"p2 c4\">\u00a0<\/p>\n<p class=\"p3 c5\"><span class=\"c2\"><strong>Une commission ad hoc<\/strong><\/span><\/p>\n<p class=\"p1 c3\"><span class=\"c2\">La nouvelle dynamique que connaitra l\u2019Etoile dans les prochains jours sera articul\u00e9e autour d\u2019une cellule compos\u00e9e de membres jouissant de l\u2019adh\u00e9sion du large public de l\u2019Etoile \u00e0 savoir\u00a0: ZoubeirBaya,ZiedJaziri,KarimHaggui,HousseinJenayeh,HassenChaouech,FouedChettali.<\/span><\/p>\n<p class=\"p1 c3\"><span class=\"c2\">A noter que Karim Haggui reprendra son poste de directeur sportif.<\/span><\/p>\n<p class=\"p2 c4\">\u00a0<\/p>\n<p class=\"p3 c5\"><span class=\"c2\"><strong>Un joli coup\u00a0!<\/strong><\/span><\/p>\n<p class=\"p1 c3\"><span class=\"c2\">Conjointement avec la mise en place de la nouvelle structure du club sah\u00e9lien,les responsables du centre de formation ont r\u00e9alis\u00e9 une belle op\u00e9ration en engageant le portier et capitaine de l\u2019\u00e9quipe nationale des minimes Anes Khardani ( n\u00e9 en 2006, 1,91m),qui \u00e9tait dans le collimateur de l\u2019EST.<\/span><\/p>\n<p class=\"p4 c6\"><span class=\"c2\"><strong>Hatem REGAIEG<\/strong><\/span><\/p>\n<p>Auteur: letemps1<br \/>\n<a href=\"http:\/\/www.letemps.com.tn\/article\/117958\/zoubeir-baya%C2%A0-%C2%ABl%E2%80%99etoile-est-d%C3%A9sormais-sur-la-bonne-voie%C2%A0%C2%BB\">Cliquez ici pour lire l&rsquo;article depuis sa source.<\/a><\/p>\n","protected":false},"excerpt":{"rendered":"<p>L\u2019Etoile semble bel et bien r\u00e9cup\u00e9rer ses rep\u00e8res et son label,\u00e0 savoir l\u2019union sacr\u00e9e et la solidarit\u00e9 entre ses diff\u00e9rentes composantes. En effet,un valorisant \u00e9lan de r\u00e9conciliation est entrain de se mettre en place entre des personnalit\u00e9s passionn\u00e9es par le club et surtout f\u00e9d\u00e9ratrices, gr\u00e2ce \u00e0 l\u2019apport de Hassen Chaouech et FouedChettali en mati\u00e8re de [&hellip;]<\/p>\n","protected":false},"author":1773,"featured_media":0,"comment_status":"closed","ping_status":"closed","sticky":false,"template":"","format":"standard","meta":{"fifu_image_url":"","fifu_image_alt":"","footnotes":""},"categories":[73,55],"tags":[],"class_list":["post-103910","post","type-post","status-publish","format-standard","hentry","category-actualite","category-tunisie"],"_links":{"self":[{"href":"https:\/\/linitiative.ca\/International\/wp-json\/wp\/v2\/posts\/103910","targetHints":{"allow":["GET"]}}],"collection":[{"href":"https:\/\/linitiative.ca\/International\/wp-json\/wp\/v2\/posts"}],"about":[{"href":"https:\/\/linitiative.ca\/International\/wp-json\/wp\/v2\/types\/post"}],"author":[{"embeddable":true,"href":"https:\/\/linitiative.ca\/International\/wp-json\/wp\/v2\/users\/1773"}],"replies":[{"embeddable":true,"href":"https:\/\/linitiative.ca\/International\/wp-json\/wp\/v2\/comments?post=103910"}],"version-history":[{"count":0,"href":"https:\/\/linitiative.ca\/International\/wp-json\/wp\/v2\/posts\/103910\/revisions"}],"wp:attachment":[{"href":"https:\/\/linitiative.ca\/International\/wp-json\/wp\/v2\/media?parent=103910"}],"wp:term":[{"taxonomy":"category","embeddable":true,"href":"https:\/\/linitiative.ca\/International\/wp-json\/wp\/v2\/categories?post=103910"},{"taxonomy":"post_tag","embeddable":true,"href":"https:\/\/linitiative.ca\/International\/wp-json\/wp\/v2\/tags?post=103910"}],"curies":[{"name":"wp","href":"https:\/\/api.w.org\/{rel}","templated":true}]}}