{"id":103911,"date":"2020-11-06T10:30:00","date_gmt":"2020-11-06T15:30:00","guid":{"rendered":"https:\/\/linitiative.ca\/International\/stage-benefique-a-monastir\/"},"modified":"2020-11-06T10:30:00","modified_gmt":"2020-11-06T15:30:00","slug":"stage-benefique-a-monastir","status":"publish","type":"post","link":"https:\/\/linitiative.ca\/International\/stage-benefique-a-monastir\/","title":{"rendered":"Stage b\u00e9n\u00e9fique \u00e0 Monastir"},"content":{"rendered":"<p class=\"p1 c3\"><span class=\"c2\">L\u2019US Ben Guerdane a termin\u00e9 son stage de 10 jours \u00e0 Monastir sans pouvoir disputer une seconde rencontre face au SRS \u00e0 cause de l\u2019interdiction des manifestations sportives. Le test face au nouveau promu, l\u2019AS Rejich a tourn\u00e9 en sa faveur sur le score de 1\/0 sur une r\u00e9alisation de Amine Hamrouni, nouvellement recrut\u00e9.<\/span><\/p>\n<p class=\"p2 c4\"><span class=\"c2\"><strong>Forme rassurante<span class=\"Apple-converted-space\">\u00a0<\/span><\/strong><\/span><\/p>\n<p class=\"p1 c3\"><span class=\"c2\">Au cours de cette rencontre, les joueurs se sont bien comport\u00e9s sur le double plan physique et tactique apr\u00e8s avoir r\u00e9ussi durant ce stage de r\u00e9cup\u00e9rer le temps perdu et de montrer de bonnes dispositions avant le coup d\u2019envoi de la nouvelle saison.<span class=\"Apple-converted-space\">\u00a0<\/span><\/span><\/p>\n<p class=\"p1 c3\"><span class=\"c2\">Durant ce stage, Ramzi Jarmoud a profit\u00e9 pour faire travailler ses joueurs et am\u00e9liorer leur condition physique en pr\u00e9vision de la nouvelle saison. Il attend la lev\u00e9e d\u2019interdiction des rencontres amicales pour disputer quelques-unes avant le coup d\u2019envoi.<\/span><\/p>\n<p class=\"p2 c4\"><span class=\"c2\"><strong>Renforts<span class=\"Apple-converted-space\">\u00a0<\/span><\/strong><\/span><\/p>\n<p class=\"p1 c3\"><span class=\"c2\">Les dirigeants de l\u2019\u00e9quipe sudiste ont bien profit\u00e9 du mercato pour renforcer leur effectif et pallier aux nombreux d\u00e9parts enregistr\u00e9s dans leurs rangs.<span class=\"Apple-converted-space\">\u00a0<\/span><\/span><\/p>\n<p class=\"p1 c3\"><span class=\"c2\">Ainsi, pas moins de 12 joueurs ont \u00e9t\u00e9 recrut\u00e9s durant ce mercato encore ouvert jusqu\u2019au 7 d\u00e9cembre prochain. La compagne de recrutements n\u2019est pas encore termin\u00e9e, et le Libyen Mohamed Journi soci\u00e9taire du CSS devrait rejoindre l\u2019\u00e9quipe dans les prochains jours sous forme de pr\u00eat.<span class=\"Apple-converted-space\">\u00a0<\/span><\/span><\/p>\n<p class=\"p1 c3\"><span class=\"c2\">Des<span class=\"Apple-converted-space\">\u00a0<\/span> renforts de valeur et dans les trois compartiments, qui vont faire de l\u2019USBG l\u2019une des \u00e9quipes les plus performantes lors du prochain exercice avec deux premi\u00e8res rencontres plut\u00f4t \u00e0 leur port\u00e9e respectivement contre l\u2019ES Metlaoui et l\u2019AS Soliman.<\/span><\/p>\n<p class=\"p3 c5\"><span class=\"c2\"><strong>Hichem<\/strong><\/span><\/p>\n<p>Auteur: letemps1<br \/>\n<a href=\"http:\/\/www.letemps.com.tn\/article\/117959\/stage-b%C3%A9n%C3%A9fique-%C3%A0-monastir\">Cliquez ici pour lire l&rsquo;article depuis sa source.<\/a><\/p>\n","protected":false},"excerpt":{"rendered":"<p>L\u2019US Ben Guerdane a termin\u00e9 son stage de 10 jours \u00e0 Monastir sans pouvoir disputer une seconde rencontre face au SRS \u00e0 cause de l\u2019interdiction des manifestations sportives. Le test face au nouveau promu, l\u2019AS Rejich a tourn\u00e9 en sa faveur sur le score de 1\/0 sur une r\u00e9alisation de Amine Hamrouni, nouvellement recrut\u00e9. Forme [&hellip;]<\/p>\n","protected":false},"author":1773,"featured_media":0,"comment_status":"closed","ping_status":"closed","sticky":false,"template":"","format":"standard","meta":{"fifu_image_url":"","fifu_image_alt":"","footnotes":""},"categories":[73,55],"tags":[],"class_list":["post-103911","post","type-post","status-publish","format-standard","hentry","category-actualite","category-tunisie"],"_links":{"self":[{"href":"https:\/\/linitiative.ca\/International\/wp-json\/wp\/v2\/posts\/103911","targetHints":{"allow":["GET"]}}],"collection":[{"href":"https:\/\/linitiative.ca\/International\/wp-json\/wp\/v2\/posts"}],"about":[{"href":"https:\/\/linitiative.ca\/International\/wp-json\/wp\/v2\/types\/post"}],"author":[{"embeddable":true,"href":"https:\/\/linitiative.ca\/International\/wp-json\/wp\/v2\/users\/1773"}],"replies":[{"embeddable":true,"href":"https:\/\/linitiative.ca\/International\/wp-json\/wp\/v2\/comments?post=103911"}],"version-history":[{"count":0,"href":"https:\/\/linitiative.ca\/International\/wp-json\/wp\/v2\/posts\/103911\/revisions"}],"wp:attachment":[{"href":"https:\/\/linitiative.ca\/International\/wp-json\/wp\/v2\/media?parent=103911"}],"wp:term":[{"taxonomy":"category","embeddable":true,"href":"https:\/\/linitiative.ca\/International\/wp-json\/wp\/v2\/categories?post=103911"},{"taxonomy":"post_tag","embeddable":true,"href":"https:\/\/linitiative.ca\/International\/wp-json\/wp\/v2\/tags?post=103911"}],"curies":[{"name":"wp","href":"https:\/\/api.w.org\/{rel}","templated":true}]}}