{"id":103912,"date":"2020-11-06T10:30:00","date_gmt":"2020-11-06T15:30:00","guid":{"rendered":"https:\/\/linitiative.ca\/International\/la-fete-sera-inevitablement-egyptienne\/"},"modified":"2020-11-06T10:30:00","modified_gmt":"2020-11-06T15:30:00","slug":"la-fete-sera-inevitablement-egyptienne","status":"publish","type":"post","link":"https:\/\/linitiative.ca\/International\/la-fete-sera-inevitablement-egyptienne\/","title":{"rendered":"La f\u00eate sera, in\u00e9vitablement, \u00e9gyptienne\u00a0!"},"content":{"rendered":"<p>Ahly-Zamalek, en finale le 27 novembre<\/p>\n<footer class=\"submitted clearfix\">\n<p><span class=\"date-display-single\" property=\"dc:date\" datatype=\"xsd:dateTime\" content=\"2020-11-06T00:00:00+01:00\">Vendredi 6 Novembre 2020<\/span><\/p>\n<\/footer>\n<div class=\"content clearfix\" readability=\"40.320159857904\"><span class=\"print-link\"><span class=\"print_html\"><a href=\"http:\/\/www.letemps.com.tn\/print\/117960\" title=\"Display a printer-friendly version of this page.\" class=\"print-page\" onclick=\"window.open(this.href); return false\" rel=\"nofollow\"><img decoding=\"async\" class=\"print-icon\" typeof=\"foaf:Image\" src=\"http:\/\/www.letemps.com.tn\/sites\/all\/modules\/print\/icons\/print_icon.gif\" alt=\"\u0646\u0633\u062e\u0629 \u0644\u0644\u0637\u0628\u0627\u0639\u0629\" title=\"\u0646\u0633\u062e\u0629 \u0644\u0644\u0637\u0628\u0627\u0639\u0629\"\/><\/a><\/span><\/span><\/p>\n<div class=\"beacon9-social\">\n<p><iframe src=\"http:\/\/www.facebook.com\/plugins\/like.php?href=http%3A%2F%2Fwww.letemps.com.tn%2Farticle%2F117960%2Fla-f%25C3%25AAte-sera-in%25C3%25A9vitablement-%25C3%25A9gyptienne%25C2%25A0&amp;layout=button_count&amp;show_faces=false&amp;action=like&amp;font=arial&amp;colorscheme=light\" scrolling=\"no\" frameborder=\"0\" class=\"c1\" allowtransparency=\"true\">[embedded content]<\/iframe><\/p>\n<\/div>\n<div class=\"field field-name-field-op-main-image field-type-image field-label-hidden field-items field-item even\"><img loading=\"lazy\" decoding=\"async\" typeof=\"foaf:Image\" src=\"http:\/\/www.letemps.com.tn\/sites\/www.letemps.com.tn\/files\/styles\/620px_wide\/public\/main\/articles\/Sans titre-1-Re\u0301cupe\u0301re\u0301_951.jpg\" width=\"620\" height=\"400\" alt=\"\"\/><\/div>\n<div class=\"field field-name-body field-type-text-with-summary field-label-hidden field-items field-item even\" readability=\"51\">\n<p class=\"p1 c3\"><span class=\"c2\">Le Zamalek a valid\u00e9 son ticket pour la finale de la Ligue des Champions CAF ce mercredi soir devant le Raja Casablanca., gr\u00e2ce, notamment \u00e0 un Ferjani Sassi, des grands jours.<\/span><\/p>\n<p class=\"p1 c3\"><span class=\"c2\">Vainqueur du Raja (1-0) au match aller, le Zamalek a fini le travail \u00e0 domicile mercredi soir. Le club \u00e9gyptien a \u00e9t\u00e9 d\u00e9monstratif en battant les Marocains sur le score de quatre buts \u00e0 un.<\/span><\/p>\n<p class=\"p1 c3\"><span class=\"c2\">Dans cette demi-finale retour de la Ligue des Champions CAF, c\u2019est le Raja Casablanca qui a lanc\u00e9 les hostilit\u00e9s. Ben Malango a ouvert le score \u00e0 la 47\u00e8me minute. De retour des vestiaires, les Egyptiens ont appuy\u00e9 sur l\u2019acc\u00e9l\u00e9rateur. Ferjani Sassi \u00e9galise \u00e0 la 61\u00e8me minute avant que Mostafa Mohamed ne s\u2019illustre avec un doubl\u00e9 aux 85\u00e8me et 88\u00e8me minute. Et une derni\u00e8re r\u00e9alisation d\u2019Achraf Bencharki dans le temps additionnel. La formation marocaine coule au stade International du Caire et son aventure s\u2019arr\u00eate donc dans le dernier carr\u00e9.<\/span><\/p>\n<p class=\"p1 c3\"><span class=\"c2\">\u00c7a sera donc une finale 100% \u00e9gyptienne entre Al Ahly et Zamalek le 27 novembre prochain \u00e0 Alexandrie. La f\u00eate sera d\u00e9cidemment , purement \u00e9gyptienne.\u00a0!<\/span><\/p>\n<p class=\"p2 c4\"><span class=\"c2\"><strong>Ameur KERKENNI<\/strong><\/span><\/p>\n<\/div>\n<\/div>\n<p>Auteur: letemps1<br \/>\n<a href=\"http:\/\/www.letemps.com.tn\/article\/117960\/la-f%C3%AAte-sera-in%C3%A9vitablement-%C3%A9gyptienne%C2%A0\">Cliquez ici pour lire l&rsquo;article depuis sa source.<\/a><\/p>\n","protected":false},"excerpt":{"rendered":"<p>Ahly-Zamalek, en finale le 27 novembre Vendredi 6 Novembre 2020 [embedded content] Le Zamalek a valid\u00e9 son ticket pour la finale de la Ligue des Champions CAF ce mercredi soir devant le Raja Casablanca., gr\u00e2ce, notamment \u00e0 un Ferjani Sassi, des grands jours. Vainqueur du Raja (1-0) au match aller, le Zamalek a fini le [&hellip;]<\/p>\n","protected":false},"author":1773,"featured_media":103913,"comment_status":"closed","ping_status":"closed","sticky":false,"template":"","format":"standard","meta":{"fifu_image_url":"","fifu_image_alt":"","footnotes":""},"categories":[73,55],"tags":[],"class_list":["post-103912","post","type-post","status-publish","format-standard","has-post-thumbnail","hentry","category-actualite","category-tunisie"],"_links":{"self":[{"href":"https:\/\/linitiative.ca\/International\/wp-json\/wp\/v2\/posts\/103912","targetHints":{"allow":["GET"]}}],"collection":[{"href":"https:\/\/linitiative.ca\/International\/wp-json\/wp\/v2\/posts"}],"about":[{"href":"https:\/\/linitiative.ca\/International\/wp-json\/wp\/v2\/types\/post"}],"author":[{"embeddable":true,"href":"https:\/\/linitiative.ca\/International\/wp-json\/wp\/v2\/users\/1773"}],"replies":[{"embeddable":true,"href":"https:\/\/linitiative.ca\/International\/wp-json\/wp\/v2\/comments?post=103912"}],"version-history":[{"count":0,"href":"https:\/\/linitiative.ca\/International\/wp-json\/wp\/v2\/posts\/103912\/revisions"}],"wp:featuredmedia":[{"embeddable":true,"href":"https:\/\/linitiative.ca\/International\/wp-json\/"}],"wp:attachment":[{"href":"https:\/\/linitiative.ca\/International\/wp-json\/wp\/v2\/media?parent=103912"}],"wp:term":[{"taxonomy":"category","embeddable":true,"href":"https:\/\/linitiative.ca\/International\/wp-json\/wp\/v2\/categories?post=103912"},{"taxonomy":"post_tag","embeddable":true,"href":"https:\/\/linitiative.ca\/International\/wp-json\/wp\/v2\/tags?post=103912"}],"curies":[{"name":"wp","href":"https:\/\/api.w.org\/{rel}","templated":true}]}}