{"id":103918,"date":"2020-11-06T15:13:10","date_gmt":"2020-11-06T20:13:10","guid":{"rendered":"https:\/\/linitiative.ca\/International\/international-bayern-alaba-fixe-ses-conditions-a-ses-pretendants\/"},"modified":"2020-11-06T15:13:10","modified_gmt":"2020-11-06T20:13:10","slug":"international-bayern-alaba-fixe-ses-conditions-a-ses-pretendants","status":"publish","type":"post","link":"https:\/\/linitiative.ca\/International\/international-bayern-alaba-fixe-ses-conditions-a-ses-pretendants\/","title":{"rendered":"International : Bayern : Alaba fixe ses conditions \u00e0 ses pr\u00e9tendants"},"content":{"rendered":"<div readability=\"32\">\n<p>Auteur : <span class=\"time\">vendredi 06 novembre 2020 18:55<\/span><\/p>\n<\/div>\n<div id=\"post_core\" readability=\"46\">\n<p>Le Real Madrid, l\u2019Inter Milan, Manchester City, le Paris Saint-Germain et la Juventus Turin seraient int\u00e9ress\u00e9s pour l\u2019accueillir. L\u2019international autrichien aurait d\u00e9j\u00e0 \u00e9cart\u00e9 les pistes du PSG et des Nerrazzuri.<\/p>\n<p>Il aurait une pr\u00e9f\u00e9rence pour les Madril\u00e8nes. Zinedine Zidane aurait donn\u00e9 son feu vert pour accueillir le polyvalent joueur bavarois. N\u00e9anmoins, ce dernier se montrerait gourmand sur le plan salarial. Il souhaiterait une prime \u00e0 la signature cons\u00e9quente plus un salaire de 15 millions d\u2019euros hors bonus. Des chiffres qui ont d\u00e9j\u00e0 fait reculer la Juventus. En cette p\u00e9riode de crise sanitaire o\u00f9 les finances sont compliqu\u00e9es pour les clubs m\u00eame chez les plus grands, il se pourrait que le joueur soit dans l\u2019obligation de consentir quelques efforts. Source : Les-Transferts.<\/p>\n<p><strong>Publi\u00e9 dans :<\/strong> <span>Bayern Munich : David Alaba<\/span><\/p>\n<\/div>\n<p>Auteur:<br \/>\n<a href=\"http:\/\/www.lebuteur.com\/article\/detail?titre=bayern-alaba-fixe-ses-conditions-a-ses-pretendants&#038;id=97856&#038;utm_source=feedburner&#038;utm_medium=feed&#038;utm_campaign=Feed%3A+GalerieFArtciles+%28Les+derniers+articles++-+lebuteur.com%29\">Cliquez ici pour lire l&rsquo;article depuis sa source.<\/a><\/p>\n","protected":false},"excerpt":{"rendered":"<p>Auteur : vendredi 06 novembre 2020 18:55 Le Real Madrid, l\u2019Inter Milan, Manchester City, le Paris Saint-Germain et la Juventus Turin seraient int\u00e9ress\u00e9s pour l\u2019accueillir. L\u2019international autrichien aurait d\u00e9j\u00e0 \u00e9cart\u00e9 les pistes du PSG et des Nerrazzuri. Il aurait une pr\u00e9f\u00e9rence pour les Madril\u00e8nes. Zinedine Zidane aurait donn\u00e9 son feu vert pour accueillir le polyvalent [&hellip;]<\/p>\n","protected":false},"author":1738,"featured_media":103919,"comment_status":"closed","ping_status":"closed","sticky":false,"template":"","format":"standard","meta":{"fifu_image_url":"","fifu_image_alt":"","footnotes":""},"categories":[53,75],"tags":[],"class_list":["post-103918","post","type-post","status-publish","format-standard","has-post-thumbnail","hentry","category-algerie","category-sport"],"_links":{"self":[{"href":"https:\/\/linitiative.ca\/International\/wp-json\/wp\/v2\/posts\/103918","targetHints":{"allow":["GET"]}}],"collection":[{"href":"https:\/\/linitiative.ca\/International\/wp-json\/wp\/v2\/posts"}],"about":[{"href":"https:\/\/linitiative.ca\/International\/wp-json\/wp\/v2\/types\/post"}],"author":[{"embeddable":true,"href":"https:\/\/linitiative.ca\/International\/wp-json\/wp\/v2\/users\/1738"}],"replies":[{"embeddable":true,"href":"https:\/\/linitiative.ca\/International\/wp-json\/wp\/v2\/comments?post=103918"}],"version-history":[{"count":0,"href":"https:\/\/linitiative.ca\/International\/wp-json\/wp\/v2\/posts\/103918\/revisions"}],"wp:featuredmedia":[{"embeddable":true,"href":"https:\/\/linitiative.ca\/International\/wp-json\/"}],"wp:attachment":[{"href":"https:\/\/linitiative.ca\/International\/wp-json\/wp\/v2\/media?parent=103918"}],"wp:term":[{"taxonomy":"category","embeddable":true,"href":"https:\/\/linitiative.ca\/International\/wp-json\/wp\/v2\/categories?post=103918"},{"taxonomy":"post_tag","embeddable":true,"href":"https:\/\/linitiative.ca\/International\/wp-json\/wp\/v2\/tags?post=103918"}],"curies":[{"name":"wp","href":"https:\/\/api.w.org\/{rel}","templated":true}]}}