{"id":103924,"date":"2020-11-06T15:13:17","date_gmt":"2020-11-06T20:13:17","guid":{"rendered":"https:\/\/linitiative.ca\/International\/equipe-dalgerie-qualifs-can-2021-les-verts-vont-jouer-leur-deux-prochains-matchs-a-huis-clos\/"},"modified":"2020-11-06T15:13:17","modified_gmt":"2020-11-06T20:13:17","slug":"equipe-dalgerie-qualifs-can-2021-les-verts-vont-jouer-leur-deux-prochains-matchs-a-huis-clos","status":"publish","type":"post","link":"https:\/\/linitiative.ca\/International\/equipe-dalgerie-qualifs-can-2021-les-verts-vont-jouer-leur-deux-prochains-matchs-a-huis-clos\/","title":{"rendered":"Equipe d&rsquo;Alg\u00e9rie : Qualifs CAN 2021 : Les Verts vont jouer leur deux prochains matchs \u00e0 huis clos"},"content":{"rendered":"<div readability=\"32\">\n<p>Auteur : <span class=\"time\">vendredi 06 novembre 2020 20:20<\/span><\/p>\n<\/div>\n<div id=\"post_core\" readability=\"48\">\n<p>Les 48\u00a0matches de qualification \u00e0 la Coupe d&rsquo;Afrique des nations pr\u00e9vus du 9 au 17\u00a0novembre se joueront \u00e0 huis clos, a annonc\u00e9 la Conf\u00e9d\u00e9ration du football africain (CAF), vendredi. Alors que l&rsquo;Afrique a \u00e9vit\u00e9 une seconde vague d&rsquo;\u00e9pid\u00e9mie comparable \u00e0 celle qui touche l&rsquo;Europe, il y a tout de m\u00eame eu pr\u00e8s de 1.9\u00a0million de cas d\u00e9clar\u00e9s et 44\u00a0238\u00a0morts sur le continent, selon le d\u00e9compte de l&rsquo;AFP et comme le rapporte France football.<\/p>\n<p>\u00ab\u00a0Notre but est d&rsquo;organiser l&rsquo;\u00e9v\u00e9nement tout en garantissant la s\u00e9curit\u00e9 et la s\u00fbret\u00e9 partout en Afrique\u00a0\u00bb, a d\u00e9clar\u00e9 Christian Emeruwa, chef de la s\u00e9curit\u00e9 de la Caf. Nous sommes conscients de l&rsquo;\u00e9norme t\u00e2che qui nous attend, en particulier pour maintenir les spectateurs loin des stades.\u00a0\u00bb Ces matches de qualification seront les premiers de l&rsquo;\u00e9lite continentale depuis un an. Deux autres journ\u00e9es de qualification sont pr\u00e9vues en mars. Pour rappel, la s\u00e9lection national doit affronter le Zimbabwe par deux fois le 12 et le 16 novembre.<br \/>\u00a0<\/p>\n<\/div>\n<p>Auteur:<br \/>\n<a href=\"http:\/\/www.lebuteur.com\/article\/detail?titre=qualifs-can-2021-les-verts-vont-jouer-leur-deux-prochains-matchs-a-huis-clos&#038;id=97859&#038;utm_source=feedburner&#038;utm_medium=feed&#038;utm_campaign=Feed%3A+GalerieFArtciles+%28Les+derniers+articles++-+lebuteur.com%29\">Cliquez ici pour lire l&rsquo;article depuis sa source.<\/a><\/p>\n","protected":false},"excerpt":{"rendered":"<p>Auteur : vendredi 06 novembre 2020 20:20 Les 48\u00a0matches de qualification \u00e0 la Coupe d&rsquo;Afrique des nations pr\u00e9vus du 9 au 17\u00a0novembre se joueront \u00e0 huis clos, a annonc\u00e9 la Conf\u00e9d\u00e9ration du football africain (CAF), vendredi. Alors que l&rsquo;Afrique a \u00e9vit\u00e9 une seconde vague d&rsquo;\u00e9pid\u00e9mie comparable \u00e0 celle qui touche l&rsquo;Europe, il y a tout [&hellip;]<\/p>\n","protected":false},"author":1738,"featured_media":103925,"comment_status":"closed","ping_status":"closed","sticky":false,"template":"","format":"standard","meta":{"fifu_image_url":"","fifu_image_alt":"","footnotes":""},"categories":[53,75],"tags":[],"class_list":["post-103924","post","type-post","status-publish","format-standard","has-post-thumbnail","hentry","category-algerie","category-sport"],"_links":{"self":[{"href":"https:\/\/linitiative.ca\/International\/wp-json\/wp\/v2\/posts\/103924","targetHints":{"allow":["GET"]}}],"collection":[{"href":"https:\/\/linitiative.ca\/International\/wp-json\/wp\/v2\/posts"}],"about":[{"href":"https:\/\/linitiative.ca\/International\/wp-json\/wp\/v2\/types\/post"}],"author":[{"embeddable":true,"href":"https:\/\/linitiative.ca\/International\/wp-json\/wp\/v2\/users\/1738"}],"replies":[{"embeddable":true,"href":"https:\/\/linitiative.ca\/International\/wp-json\/wp\/v2\/comments?post=103924"}],"version-history":[{"count":0,"href":"https:\/\/linitiative.ca\/International\/wp-json\/wp\/v2\/posts\/103924\/revisions"}],"wp:featuredmedia":[{"embeddable":true,"href":"https:\/\/linitiative.ca\/International\/wp-json\/"}],"wp:attachment":[{"href":"https:\/\/linitiative.ca\/International\/wp-json\/wp\/v2\/media?parent=103924"}],"wp:term":[{"taxonomy":"category","embeddable":true,"href":"https:\/\/linitiative.ca\/International\/wp-json\/wp\/v2\/categories?post=103924"},{"taxonomy":"post_tag","embeddable":true,"href":"https:\/\/linitiative.ca\/International\/wp-json\/wp\/v2\/tags?post=103924"}],"curies":[{"name":"wp","href":"https:\/\/api.w.org\/{rel}","templated":true}]}}