{"id":103931,"date":"2020-11-06T09:45:00","date_gmt":"2020-11-06T14:45:00","guid":{"rendered":"https:\/\/linitiative.ca\/International\/bri-de-tiaret-2-arrestations-et-saisie-de-pres-de-2-kg-de-kif\/"},"modified":"2020-11-06T09:45:00","modified_gmt":"2020-11-06T14:45:00","slug":"bri-de-tiaret-2-arrestations-et-saisie-de-pres-de-2-kg-de-kif","status":"publish","type":"post","link":"https:\/\/linitiative.ca\/International\/bri-de-tiaret-2-arrestations-et-saisie-de-pres-de-2-kg-de-kif\/","title":{"rendered":"BRI DE TIARET : 2 arrestations et saisie  de pr\u00e8s de 2 kg de kif"},"content":{"rendered":"<p><br id=\"sep_para_1\" class=\"sep_para access\"\/><\/p>\n<div id=\"para_1\" class=\"para_39373066 resize\">\n<div class=\"texte access firstletter\">Deux diff\u00e9rentes op\u00e9rations men\u00e9es par les \u00e9l\u00e9ments de la B.R.I de Tiaret, dans diff\u00e9rents quartiers de la ville, ont permis de mettre \u00e0 nu, les r\u00e9seaux d&rsquo;approvisionnement en kif trait\u00e9 et en comprim\u00e9s de psychotropes, tout en signalant que ces 2 op\u00e9rations ,ont \u00e9t\u00e9 juste entam\u00e9es ,apr\u00e8s la fameuse saisie de 5.201 comprim\u00e9s de psychotropes et l&rsquo;incarc\u00e9ration de 3 personnes, apprend-on aupr\u00e8s de sources s\u00e9curitaires. Nos sources ajoutent, que suite \u00e0 de pr\u00e9cieuses informations parvenues au service de police judiciaire, les \u00e9l\u00e9ments de la BRI, ont arr\u00eat\u00e9 une personne \u00e2g\u00e9e de 36 ans en possession de 18 plaquettes de kif trait\u00e9, soit une quantit\u00e9 estim\u00e9e \u00e0 1 kilogramme et 718 grammes de kif trait\u00e9. La 2eme op\u00e9ration, a cibl\u00e9 une personne suspecte, \u00e2g\u00e9e de 36 ans, portant\u00a0 un sac \u00e0 dos. Une fouille minutieuse du sac, a permis aux policiers la d\u00e9couverte de 315 capsules de psychotropes, apprend-on aupr\u00e8s du responsable de la cellule d&rsquo;information et de communication, que les 2 mis en cause se trouvent au niveau des locaux de la B.R.I et seront pr\u00e9sent\u00e9es devant le tribunal .\u00a0\u00a0\u00a0<\/div>\n<\/div>\n<p>Auteur: Abdelkader Benrebiha<br \/>\n<a href=\"https:\/\/www.reflexiondz.net\/BRI-DE-TIARET-2-arrestations-et-saisie-de-pres-de-2-kg-de-kif_a66159.html\">Cliquez ici pour lire l&rsquo;article depuis sa source.<\/a><\/p>\n","protected":false},"excerpt":{"rendered":"<p>Deux diff\u00e9rentes op\u00e9rations men\u00e9es par les \u00e9l\u00e9ments de la B.R.I de Tiaret, dans diff\u00e9rents quartiers de la ville, ont permis de mettre \u00e0 nu, les r\u00e9seaux d&rsquo;approvisionnement en kif trait\u00e9 et en comprim\u00e9s de psychotropes, tout en signalant que ces 2 op\u00e9rations ,ont \u00e9t\u00e9 juste entam\u00e9es ,apr\u00e8s la fameuse saisie de 5.201 comprim\u00e9s de psychotropes [&hellip;]<\/p>\n","protected":false},"author":1740,"featured_media":0,"comment_status":"closed","ping_status":"closed","sticky":false,"template":"","format":"standard","meta":{"fifu_image_url":"","fifu_image_alt":"","footnotes":""},"categories":[53,76],"tags":[],"class_list":["post-103931","post","type-post","status-publish","format-standard","hentry","category-algerie","category-regions"],"_links":{"self":[{"href":"https:\/\/linitiative.ca\/International\/wp-json\/wp\/v2\/posts\/103931","targetHints":{"allow":["GET"]}}],"collection":[{"href":"https:\/\/linitiative.ca\/International\/wp-json\/wp\/v2\/posts"}],"about":[{"href":"https:\/\/linitiative.ca\/International\/wp-json\/wp\/v2\/types\/post"}],"author":[{"embeddable":true,"href":"https:\/\/linitiative.ca\/International\/wp-json\/wp\/v2\/users\/1740"}],"replies":[{"embeddable":true,"href":"https:\/\/linitiative.ca\/International\/wp-json\/wp\/v2\/comments?post=103931"}],"version-history":[{"count":0,"href":"https:\/\/linitiative.ca\/International\/wp-json\/wp\/v2\/posts\/103931\/revisions"}],"wp:attachment":[{"href":"https:\/\/linitiative.ca\/International\/wp-json\/wp\/v2\/media?parent=103931"}],"wp:term":[{"taxonomy":"category","embeddable":true,"href":"https:\/\/linitiative.ca\/International\/wp-json\/wp\/v2\/categories?post=103931"},{"taxonomy":"post_tag","embeddable":true,"href":"https:\/\/linitiative.ca\/International\/wp-json\/wp\/v2\/tags?post=103931"}],"curies":[{"name":"wp","href":"https:\/\/api.w.org\/{rel}","templated":true}]}}