{"id":103938,"date":"2020-11-06T13:26:00","date_gmt":"2020-11-06T18:26:00","guid":{"rendered":"https:\/\/linitiative.ca\/International\/le-ministre-de-linterieur-francais-se-felicite-de-la-collaboration-de-la-partie-tunisienne-album-photos\/"},"modified":"2020-11-06T13:26:00","modified_gmt":"2020-11-06T18:26:00","slug":"le-ministre-de-linterieur-francais-se-felicite-de-la-collaboration-de-la-partie-tunisienne-album-photos","status":"publish","type":"post","link":"https:\/\/linitiative.ca\/International\/le-ministre-de-linterieur-francais-se-felicite-de-la-collaboration-de-la-partie-tunisienne-album-photos\/","title":{"rendered":"Le ministre de l&rsquo;int\u00e9rieur fran\u00e7ais \u00ab\u00a0se f\u00e9licite de la collaboration de la partie tunisienne\u00a0\u00bb (Album Photos)"},"content":{"rendered":"<p>Le ministre fran\u00e7ais de l\u2019Int\u00e9rieur G\u00e9rald Darmanin s\u2019est f\u00e9licit\u00e9<span class=\"c2\">, ce vendredi \u00e0 Tunis,<\/span> \u00e0 l\u2019issue de son entretien\u00a0avec son homologue \u00ab\u00a0des efforts des autorit\u00e9s tunisiennes et pr\u00e9cis\u00e9ment l\u2019appareil s\u00e9curitaire qui a fourni des informations importantes \u00e0 la partie fran\u00e7aise relatifs \u00e0 l\u2019attentat terroriste contre la basilique de Nice en un temps record\u00a0\u00bb. Il a ajout\u00e9 que le la religion musulmane n&rsquo;avait aucun rapport avec le terrorisme et que la France est li\u00e9e \u00e0 la Tunisie par des relations de coop\u00e9ration historiques et que les deux pays s\u2019emploient \u00e0 trouver une soluition \u00e0 l\u2019immigration l\u00e9gale.<\/p>\n<p class=\"MsoNormal\">R\u00e9agissant \u00e0 la visite du ministre de l\u2019Int\u00e9rieur fran\u00e7ais, des organisations de la soci\u00e9t\u00e9 civile ont, dans un communiqu\u00e9, appel\u00e9 le gouvernement<span class=\"c2\">\u00a0<\/span> \u00ab\u00a0\u00e0 ne signer aucun accord dans le contexte actuel qui remette en cause les droits des migrants tunisiens, ni le droit \u00e0 la libre circulation\u00a0\u00bb. <span class=\"c2\">\u00a0<\/span><\/p>\n<p class=\"c3\">\u00a0<\/p>\n<p>Auteur:<br \/>\n<a href=\"https:\/\/www.leaders.com.tn\/article\/30877-le-ministre-de-l-interieur-francais-se-felicite-de-la-collaboration-de-la-partie-tunisienne-album-photos\">Cliquez ici pour lire l&rsquo;article depuis sa source.<\/a><\/p>\n","protected":false},"excerpt":{"rendered":"<p>Le ministre fran\u00e7ais de l\u2019Int\u00e9rieur G\u00e9rald Darmanin s\u2019est f\u00e9licit\u00e9, ce vendredi \u00e0 Tunis, \u00e0 l\u2019issue de son entretien\u00a0avec son homologue \u00ab\u00a0des efforts des autorit\u00e9s tunisiennes et pr\u00e9cis\u00e9ment l\u2019appareil s\u00e9curitaire qui a fourni des informations importantes \u00e0 la partie fran\u00e7aise relatifs \u00e0 l\u2019attentat terroriste contre la basilique de Nice en un temps record\u00a0\u00bb. Il a ajout\u00e9 [&hellip;]<\/p>\n","protected":false},"author":1772,"featured_media":0,"comment_status":"closed","ping_status":"closed","sticky":false,"template":"","format":"standard","meta":{"fifu_image_url":"","fifu_image_alt":"","footnotes":""},"categories":[73,55],"tags":[],"class_list":["post-103938","post","type-post","status-publish","format-standard","hentry","category-actualite","category-tunisie"],"_links":{"self":[{"href":"https:\/\/linitiative.ca\/International\/wp-json\/wp\/v2\/posts\/103938","targetHints":{"allow":["GET"]}}],"collection":[{"href":"https:\/\/linitiative.ca\/International\/wp-json\/wp\/v2\/posts"}],"about":[{"href":"https:\/\/linitiative.ca\/International\/wp-json\/wp\/v2\/types\/post"}],"author":[{"embeddable":true,"href":"https:\/\/linitiative.ca\/International\/wp-json\/wp\/v2\/users\/1772"}],"replies":[{"embeddable":true,"href":"https:\/\/linitiative.ca\/International\/wp-json\/wp\/v2\/comments?post=103938"}],"version-history":[{"count":0,"href":"https:\/\/linitiative.ca\/International\/wp-json\/wp\/v2\/posts\/103938\/revisions"}],"wp:attachment":[{"href":"https:\/\/linitiative.ca\/International\/wp-json\/wp\/v2\/media?parent=103938"}],"wp:term":[{"taxonomy":"category","embeddable":true,"href":"https:\/\/linitiative.ca\/International\/wp-json\/wp\/v2\/categories?post=103938"},{"taxonomy":"post_tag","embeddable":true,"href":"https:\/\/linitiative.ca\/International\/wp-json\/wp\/v2\/tags?post=103938"}],"curies":[{"name":"wp","href":"https:\/\/api.w.org\/{rel}","templated":true}]}}