{"id":103941,"date":"2020-11-06T13:53:24","date_gmt":"2020-11-06T18:53:24","guid":{"rendered":"https:\/\/linitiative.ca\/International\/marche-verte-le-discours-de-sm-le-roi-mohammed-vi-reporte-au-samedi-a-21-heures\/"},"modified":"2020-11-06T13:53:24","modified_gmt":"2020-11-06T18:53:24","slug":"marche-verte-le-discours-de-sm-le-roi-mohammed-vi-reporte-au-samedi-a-21-heures","status":"publish","type":"post","link":"https:\/\/linitiative.ca\/International\/marche-verte-le-discours-de-sm-le-roi-mohammed-vi-reporte-au-samedi-a-21-heures\/","title":{"rendered":"Marche Verte : le discours de SM le Roi Mohammed VI report\u00e9 au samedi \u00e0 21 heures"},"content":{"rendered":"<p><strong>Selon un communiqu\u00e9 du Minist\u00e8re de la Maison Royale, du Protocole et de la Chancellerie, le discours du Souverain a \u00e9t\u00e9 report\u00e9 \u00e0 samedi 21 heures.<\/strong><\/p>\n<div class=\"c10\"\/>\n<p>\u00ab\u00a0Compte tenu des protocoles sanitaires stricts et des mesures qui s\u2019imposent en la mati\u00e8re, le discours sera donc prononc\u00e9 le samedi \u00e0 la m\u00eame heure, 21H\u00a0\u00bb, apprend-t-on. Notons qu\u2019il a \u00e9t\u00e9 report\u00e9 en raison de la d\u00e9couverte d\u2019un cas Covid-19 au sein de l\u2019\u00e9quipe technique en charge de l\u2019enregistrement et de la diffusion.\u00a0 Il sera retransmis en direct \u00e0 la radio et \u00e0 la t\u00e9l\u00e9vision. Rappelons que ce discours correspond au 45e anniversaire de la Marche Verte.<\/p>\n<p><strong>Lire aussi| <a href=\"https:\/\/www.challenge.ma\/maroc-nouvelle-prolongation-de-letat-durgence-sanitaire-164245\/\">Maroc : nouvelle prolongation de l\u2019\u00e9tat d\u2019urgence sanitaire<\/a><\/strong><\/p>\n<p>Auteur: challenge<br \/>\n<a href=\"https:\/\/www.challenge.ma\/marche-verte-le-discours-de-sm-le-roi-mohammed-vi-reporte-au-samedi-a-21-heures-164339\/\">Cliquez ici pour lire l&rsquo;article depuis sa source.<\/a><\/p>\n","protected":false},"excerpt":{"rendered":"<p>Selon un communiqu\u00e9 du Minist\u00e8re de la Maison Royale, du Protocole et de la Chancellerie, le discours du Souverain a \u00e9t\u00e9 report\u00e9 \u00e0 samedi 21 heures. \u00ab\u00a0Compte tenu des protocoles sanitaires stricts et des mesures qui s\u2019imposent en la mati\u00e8re, le discours sera donc prononc\u00e9 le samedi \u00e0 la m\u00eame heure, 21H\u00a0\u00bb, apprend-t-on. Notons qu\u2019il [&hellip;]<\/p>\n","protected":false},"author":1787,"featured_media":0,"comment_status":"closed","ping_status":"closed","sticky":false,"template":"","format":"standard","meta":{"fifu_image_url":"","fifu_image_alt":"","footnotes":""},"categories":[78,54],"tags":[],"class_list":["post-103941","post","type-post","status-publish","format-standard","hentry","category-economie","category-maroc"],"_links":{"self":[{"href":"https:\/\/linitiative.ca\/International\/wp-json\/wp\/v2\/posts\/103941","targetHints":{"allow":["GET"]}}],"collection":[{"href":"https:\/\/linitiative.ca\/International\/wp-json\/wp\/v2\/posts"}],"about":[{"href":"https:\/\/linitiative.ca\/International\/wp-json\/wp\/v2\/types\/post"}],"author":[{"embeddable":true,"href":"https:\/\/linitiative.ca\/International\/wp-json\/wp\/v2\/users\/1787"}],"replies":[{"embeddable":true,"href":"https:\/\/linitiative.ca\/International\/wp-json\/wp\/v2\/comments?post=103941"}],"version-history":[{"count":0,"href":"https:\/\/linitiative.ca\/International\/wp-json\/wp\/v2\/posts\/103941\/revisions"}],"wp:attachment":[{"href":"https:\/\/linitiative.ca\/International\/wp-json\/wp\/v2\/media?parent=103941"}],"wp:term":[{"taxonomy":"category","embeddable":true,"href":"https:\/\/linitiative.ca\/International\/wp-json\/wp\/v2\/categories?post=103941"},{"taxonomy":"post_tag","embeddable":true,"href":"https:\/\/linitiative.ca\/International\/wp-json\/wp\/v2\/tags?post=103941"}],"curies":[{"name":"wp","href":"https:\/\/api.w.org\/{rel}","templated":true}]}}