{"id":103953,"date":"2020-11-05T18:04:58","date_gmt":"2020-11-05T23:04:58","guid":{"rendered":"https:\/\/linitiative.ca\/International\/securite-alimentaire-au-burkina-faso-la-fao-et-ses-partenaires-lancent-une-etude-diagnostique\/"},"modified":"2020-11-05T18:04:58","modified_gmt":"2020-11-05T23:04:58","slug":"securite-alimentaire-au-burkina-faso-la-fao-et-ses-partenaires-lancent-une-etude-diagnostique","status":"publish","type":"post","link":"https:\/\/linitiative.ca\/International\/securite-alimentaire-au-burkina-faso-la-fao-et-ses-partenaires-lancent-une-etude-diagnostique\/","title":{"rendered":"S\u00e9curit\u00e9 alimentaire au Burkina Faso : La FAO et ses partenaires lancent une \u00e9tude diagnostique"},"content":{"rendered":"<div class=\"td-post-featured-image\" readability=\"35\"><a href=\"https:\/\/www.sidwaya.info\/wp-content\/uploads\/2020\/11\/fao.jpg\" data-caption=\"Le repr&#xE9;sentant de la FAO au Burkina Faso, Dauda Sau, a remerci&#xE9; l&#x2019;Union europ&#xE9;enne et le CIRAD pour leurs appuis financiers et techniques.\"><img loading=\"lazy\" decoding=\"async\" width=\"696\" height=\"584\" class=\"entry-thumb td-modal-image\" src=\"https:\/\/www.sidwaya.info\/wp-content\/uploads\/2020\/11\/fao-696x584.jpg\" srcset=\"https:\/\/www.sidwaya.info\/wp-content\/uploads\/2020\/11\/fao-696x584.jpg 696w, https:\/\/www.sidwaya.info\/wp-content\/uploads\/2020\/11\/fao-300x252.jpg 300w, https:\/\/www.sidwaya.info\/wp-content\/uploads\/2020\/11\/fao-768x645.jpg 768w, https:\/\/www.sidwaya.info\/wp-content\/uploads\/2020\/11\/fao-500x420.jpg 500w, https:\/\/www.sidwaya.info\/wp-content\/uploads\/2020\/11\/fao.jpg 780w\" sizes=\"auto, (max-width: 696px) 100vw, 696px\" alt=\"\" title=\"fao\"\/><\/a>Le repr\u00e9sentant de la FAO au Burkina Faso, Dauda Sau, a remerci\u00e9 l\u2019Union europ\u00e9enne et le CIRAD pour leurs appuis financiers et techniques.<\/div>\n<p><strong>L\u2019Organisation des Nations unies pour l\u2019alimentation et l\u2019agriculture (FAO), l\u2019Union europ\u00e9enne et le Centre de coop\u00e9ration internationale en recherche agronomique pour le d\u00e9veloppement (CIRAD) ont lanc\u00e9, le jeudi 5 novembre 2020 \u00e0 Ouagadougou, une \u00e9tude du diagnostic rapide des syst\u00e8mes alimentaires au Burkina Faso.<\/strong><\/p>\n<p>Dans l\u2019optique d\u2019outiller les acteurs du domaine national, de la s\u00e9curit\u00e9 alimentaire l\u2019Organisation des Nations unies pour l\u2019alimentation et l\u2019agriculture (FAO), l\u2019Union europ\u00e9enne (UE), le Centre de coop\u00e9ration internationale en recherche agronomique pour le d\u00e9veloppement (CIRAD) ont lanc\u00e9, le jeudi 5 novembre 2020, \u00e0 Ouagadougou, une \u00e9tude du diagnostic rapide sur les syst\u00e8mes alimentaires au Burkina Faso. Selon le repr\u00e9sentant de la FAO au Burkina Faso, Dauda Sau, les modes de production et de consommation alimentaires sont parmi les causes principales de pression sur l\u2019environnement.<\/p>\n<p>Il y a donc, selon lui, une n\u00e9cessit\u00e9 imp\u00e9rieuse d\u2019amorcer des changements fondamentaux dans la production, la transformation, le transport et la consommation des aliments. A l\u2019entendre, la FAO a lanc\u00e9 depuis 2011, des r\u00e9flexions sur la durabilit\u00e9 des syst\u00e8mes alimentaires, les modes de consommation et de productions durables dans les secteurs de l\u2019agriculture et de l\u2019alimentation. \u00abUn partenariat FAO-UE fond\u00e9 sur une volont\u00e9 commune de r\u00e9aliser le programme de d\u00e9veloppement durable \u00e0 l\u2019horizon 2030 a \u00e9t\u00e9 nou\u00e9 par les deux instituts, tous guid\u00e9s \u00e0 mettre fin \u00e0 la pauvret\u00e9, la faim et la malnutrition dans le monde\u00bb, a-t-il d\u00e9clar\u00e9.<\/p>\n<p>Dauda Sau a, par ailleurs, montr\u00e9 que l\u2019\u00e9valuation va permettre de g\u00e9n\u00e9rer une premi\u00e8re vue syst\u00e9mique du syst\u00e8me alimentaire tout en valorisant la contribution de l\u2019\u00e9conomie alimentaire. Elle va permettre un d\u00e9veloppement durable, une g\u00e9n\u00e9ration d\u2019emplois d\u00e9cents et une alimentation saine et durable. Quant au secr\u00e9taire g\u00e9n\u00e9ral du minist\u00e8re<br \/>de l\u2019Agriculture et des Am\u00e9nagements hydroagricoles, Lamourdia Thiombiano, il a rappel\u00e9 que cet atelier va amener les participants \u00e0 examiner les grands enjeux des syst\u00e8mes alimentaires au Burkina Faso.<\/p>\n<p>Il a indiqu\u00e9 qu\u2019au-del\u00e0 de l\u2019examen des grands enjeux, l\u2019identification des domaines de priorit\u00e9 en termes d\u2019action et d\u2019investissement et un accompagnement va permettre une meilleure am\u00e9lioration du domaine alimentaire. \u00ab Il va s\u2019agir de voir comment am\u00e9liorer ce syst\u00e8me traditionnel en utilisant les r\u00e9sultats de la recherche obtenus au niveau de l\u2019environnement des ressources animales afin d\u2019avoir un mod\u00e8le durable \u00bb, a-t-il pr\u00e9cis\u00e9. Pour le repr\u00e9sentant du chef de la coop\u00e9ration de l\u2019Union europ\u00e9enne, Hans-Christian Beaumond, les attentes \u00e0 cette rencontre sont, entre autres, la sensibilisation des parties prenantes sur la justification de l\u2019adoption d\u2019une vision multidimensionnelle, la facilit\u00e9 du dialogue entre les parties prenantes du syst\u00e8me alimentaire, des d\u00e9cideurs politiques et des autorit\u00e9s locales pour une atteinte des objectifs de syst\u00e8mes alimentaires durables.<\/p>\n<p>L\u2019\u00e9valuation des syst\u00e8mes alimentaires au niveau national cherche \u00e0 contribuer \u00e0 l\u2019identification contextualis\u00e9e des probl\u00e8mes les plus pressants, \u00e0 l\u2019orientation des programmes d\u2019interventions transformatrices, au d\u00e9veloppement d\u2019une vision partag\u00e9e sur les d\u00e9fis concernant la durabilit\u00e9 inclusive des syst\u00e8mes alimentaires. L\u2019atelier a r\u00e9uni environ une quarantaine de participants constitu\u00e9s essentiellement des diff\u00e9rents acteurs du syst\u00e8me alimentaire du Burkina Faso.<\/p>\n<p class=\"c1\"><strong>Cynthia Elodie KAFANDO<\/strong><br \/>(Collaboratrice)<\/p>\n<div class=\"td-a-rec td-a-rec-id-content_bottom tdi_30_aad td_block_template_1\"><img loading=\"lazy\" decoding=\"async\" class=\"aligncenter size-full wp-image-27454\" src=\"https:\/\/www.sidwaya.info\/wp-content\/uploads\/2020\/10\/PUB-Bandeau-paiement-mobile-siteweb.jpg\" alt=\"\" width=\"728\" height=\"90\"\/><\/div>\n<p>Auteur: JK. Sidwaya<br \/>\n<a href=\"https:\/\/www.sidwaya.info\/blog\/2020\/11\/05\/securite-alimentaire-au-burkina-faso-la-fao-et-ses-partenaires-lancent-une-etude-diagnostique\/\">Cliquez ici pour lire l&rsquo;article depuis sa source.<\/a><\/p>\n","protected":false},"excerpt":{"rendered":"<p>Le repr\u00e9sentant de la FAO au Burkina Faso, Dauda Sau, a remerci\u00e9 l\u2019Union europ\u00e9enne et le CIRAD pour leurs appuis financiers et techniques. L\u2019Organisation des Nations unies pour l\u2019alimentation et l\u2019agriculture (FAO), l\u2019Union europ\u00e9enne et le Centre de coop\u00e9ration internationale en recherche agronomique pour le d\u00e9veloppement (CIRAD) ont lanc\u00e9, le jeudi 5 novembre 2020 \u00e0 [&hellip;]<\/p>\n","protected":false},"author":1816,"featured_media":103954,"comment_status":"closed","ping_status":"closed","sticky":false,"template":"","format":"standard","meta":{"fifu_image_url":"","fifu_image_alt":"","footnotes":""},"categories":[73,81],"tags":[],"class_list":["post-103953","post","type-post","status-publish","format-standard","has-post-thumbnail","hentry","category-actualite","category-burkina-faso"],"_links":{"self":[{"href":"https:\/\/linitiative.ca\/International\/wp-json\/wp\/v2\/posts\/103953","targetHints":{"allow":["GET"]}}],"collection":[{"href":"https:\/\/linitiative.ca\/International\/wp-json\/wp\/v2\/posts"}],"about":[{"href":"https:\/\/linitiative.ca\/International\/wp-json\/wp\/v2\/types\/post"}],"author":[{"embeddable":true,"href":"https:\/\/linitiative.ca\/International\/wp-json\/wp\/v2\/users\/1816"}],"replies":[{"embeddable":true,"href":"https:\/\/linitiative.ca\/International\/wp-json\/wp\/v2\/comments?post=103953"}],"version-history":[{"count":0,"href":"https:\/\/linitiative.ca\/International\/wp-json\/wp\/v2\/posts\/103953\/revisions"}],"wp:featuredmedia":[{"embeddable":true,"href":"https:\/\/linitiative.ca\/International\/wp-json\/"}],"wp:attachment":[{"href":"https:\/\/linitiative.ca\/International\/wp-json\/wp\/v2\/media?parent=103953"}],"wp:term":[{"taxonomy":"category","embeddable":true,"href":"https:\/\/linitiative.ca\/International\/wp-json\/wp\/v2\/categories?post=103953"},{"taxonomy":"post_tag","embeddable":true,"href":"https:\/\/linitiative.ca\/International\/wp-json\/wp\/v2\/tags?post=103953"}],"curies":[{"name":"wp","href":"https:\/\/api.w.org\/{rel}","templated":true}]}}