{"id":103959,"date":"2020-11-06T14:44:18","date_gmt":"2020-11-06T19:44:18","guid":{"rendered":"https:\/\/linitiative.ca\/International\/cameroun-la-fecafoot-annonce-le-lancement-officiel-du-championnat-de-ligue-1-le-10-novembre-2020\/"},"modified":"2020-11-06T14:44:18","modified_gmt":"2020-11-06T19:44:18","slug":"cameroun-la-fecafoot-annonce-le-lancement-officiel-du-championnat-de-ligue-1-le-10-novembre-2020","status":"publish","type":"post","link":"https:\/\/linitiative.ca\/International\/cameroun-la-fecafoot-annonce-le-lancement-officiel-du-championnat-de-ligue-1-le-10-novembre-2020\/","title":{"rendered":"Cameroun : la F\u00e9cafoot annonce le lancement officiel du championnat de ligue 1 le 10 novembre 2020"},"content":{"rendered":"<div readability=\"32\">\n<p>Publi\u00e9 le 06.11.2020 \u00e0 20h44 par Christian Djimadeu<\/p>\n<\/div>\n<div readability=\"49\">\n<h2 class=\"c6\">La F\u00e9d\u00e9ration camerounaise de football annonce qu\u2019elle va proc\u00e9der au lancement du championnat national Elite One le mardi, 10 novembre 2020.<\/h2>\n<p class=\"c7\">Apr\u00e8s le retrait de l\u2019organisation des championnats\u00a0 professionnels \u00e0 la Ligue de football professionnel du Cameroun le 4 novembre, la Fecafoot annonce le lancement officiel le mardi, 10 novembre. A travers un\u00a0communiqu\u00e9 l\u2019information\u00a0 sign\u00e9 de son secr\u00e9taire g\u00e9n\u00e9ral..<\/p>\n<p class=\"c7\">Dans une autre circulaire publi\u00e9e ce jour, Benjamin Didier Banlock prie les clubs \u00e0 d\u00e9poser leurs dossiers de licence au plus tard lundi le 10 de ce mois.<\/p>\n<p class=\"c7\">Le d\u00e9partement de la Communication que g\u00e8re Parfait Nicolas SIki informe pour sa part la presse que les badges de la saison derni\u00e8re restent valident pour couvrir les matchs d\u2019Elite one et two.<\/p>\n<p class=\"c7\">Tout ceci se d\u00e9roule deux jours apr\u00e8s que la f\u00e9d\u00e9ration ait retir\u00e9 \u00e0 la LFPC, les comp\u00e9tences d\u2019organiser les comp\u00e9titions professionnelles. Elle qui avait organis\u00e9 un lancement de la saison le 1er novembre avec un trio arbitral \u00e9quato-guin\u00e9ens en raison de l\u2019indisponibilit\u00e9 des arbitres locaux en recyclage.<\/p>\n<\/div>\n<p>Auteur: Christian DJIMADEU<br \/>\n<a href=\"https:\/\/www.journalducameroun.com\/cameroun-la-fecafoot-annonce-le-lancement-officiel-du-championnat-le-10-novembre-2020-cameroun\/\">Cliquez ici pour lire l&rsquo;article depuis sa source.<\/a><\/p>\n","protected":false},"excerpt":{"rendered":"<p>Publi\u00e9 le 06.11.2020 \u00e0 20h44 par Christian Djimadeu La F\u00e9d\u00e9ration camerounaise de football annonce qu\u2019elle va proc\u00e9der au lancement du championnat national Elite One le mardi, 10 novembre 2020. Apr\u00e8s le retrait de l\u2019organisation des championnats\u00a0 professionnels \u00e0 la Ligue de football professionnel du Cameroun le 4 novembre, la Fecafoot annonce le lancement officiel le [&hellip;]<\/p>\n","protected":false},"author":1965,"featured_media":0,"comment_status":"closed","ping_status":"closed","sticky":false,"template":"","format":"standard","meta":{"fifu_image_url":"","fifu_image_alt":"","footnotes":""},"categories":[73,82],"tags":[],"class_list":["post-103959","post","type-post","status-publish","format-standard","hentry","category-actualite","category-cameroun"],"_links":{"self":[{"href":"https:\/\/linitiative.ca\/International\/wp-json\/wp\/v2\/posts\/103959","targetHints":{"allow":["GET"]}}],"collection":[{"href":"https:\/\/linitiative.ca\/International\/wp-json\/wp\/v2\/posts"}],"about":[{"href":"https:\/\/linitiative.ca\/International\/wp-json\/wp\/v2\/types\/post"}],"author":[{"embeddable":true,"href":"https:\/\/linitiative.ca\/International\/wp-json\/wp\/v2\/users\/1965"}],"replies":[{"embeddable":true,"href":"https:\/\/linitiative.ca\/International\/wp-json\/wp\/v2\/comments?post=103959"}],"version-history":[{"count":0,"href":"https:\/\/linitiative.ca\/International\/wp-json\/wp\/v2\/posts\/103959\/revisions"}],"wp:attachment":[{"href":"https:\/\/linitiative.ca\/International\/wp-json\/wp\/v2\/media?parent=103959"}],"wp:term":[{"taxonomy":"category","embeddable":true,"href":"https:\/\/linitiative.ca\/International\/wp-json\/wp\/v2\/categories?post=103959"},{"taxonomy":"post_tag","embeddable":true,"href":"https:\/\/linitiative.ca\/International\/wp-json\/wp\/v2\/tags?post=103959"}],"curies":[{"name":"wp","href":"https:\/\/api.w.org\/{rel}","templated":true}]}}