{"id":103969,"date":"2020-11-07T08:09:20","date_gmt":"2020-11-07T13:09:20","guid":{"rendered":"https:\/\/linitiative.ca\/International\/voyageurs-a-destination-de-la-france-des-changements-pour-les-ressortissants-marocains-a-compter-du-11-novembre\/"},"modified":"2020-11-07T08:09:20","modified_gmt":"2020-11-07T13:09:20","slug":"voyageurs-a-destination-de-la-france-des-changements-pour-les-ressortissants-marocains-a-compter-du-11-novembre","status":"publish","type":"post","link":"https:\/\/linitiative.ca\/International\/voyageurs-a-destination-de-la-france-des-changements-pour-les-ressortissants-marocains-a-compter-du-11-novembre\/","title":{"rendered":"VOYAGEURS \u00c0 DESTINATION DE LA FRANCE : DES CHANGEMENTS POUR LES RESSORTISSANTS MAROCAINS \u00c0 COMPTER DU 11 NOVEMBRE"},"content":{"rendered":"<header>\n<\/header>\n<div class=\"entry-content clearfix\" readability=\"39\"><img decoding=\"async\" class=\"post_layout_5_img\" src=\"http:\/\/aujourdhui.ma\/wp-content\/uploads\/2020\/07\/A\u00e9roport.jpg\" alt=\"VOYAGEURS &#xC0; DESTINATION DE LA FRANCE : DES CHANGEMENTS POUR LES RESSORTISSANTS MAROCAINS &#xC0; COMPTER DU 11 NOVEMBRE\"\/><\/p>\n<p><span class=\"c5\"><strong>Avis aux voyageurs marocains \u00e0 destination de l\u2019Hexagone.<\/strong><\/span><span id=\"more-359824\"\/><\/p>\n<p>La France vient de revoir les conditions d\u2019acc\u00e8s \u00e0 son territoire. Des conditions qui seront en vigueur d\u00e8s le 11 novembre prochain. Dans ce sens, l\u2019Ambassade de France au Maroc a annonc\u00e9 sur son compte Twitter que tout voyageur en provenance du Maroc aura l\u2019obligation de pr\u00e9senter un test PCR datant de moins de 72 heures \u00e0 compter de la date du pr\u00e9l\u00e8vement. Ces conditions sont applicables \u00e0 la fois aux points d\u2019acc\u00e8s maritimes et a\u00e9riens. Cela dit, les enfants de moins de 11 ans seront exempt\u00e9s de cette obligation.<\/p>\n<\/div>\n<p>Auteur: ALM<br \/>\n<a href=\"https:\/\/aujourdhui.ma\/societe\/voyageurs-a-destination-de-la-france-des-changements-pour-les-ressortissants-marocains-a-compter-du-11-novembre\">Cliquez ici pour lire l&rsquo;article depuis sa source.<\/a><\/p>\n","protected":false},"excerpt":{"rendered":"<p>Avis aux voyageurs marocains \u00e0 destination de l\u2019Hexagone. La France vient de revoir les conditions d\u2019acc\u00e8s \u00e0 son territoire. Des conditions qui seront en vigueur d\u00e8s le 11 novembre prochain. Dans ce sens, l\u2019Ambassade de France au Maroc a annonc\u00e9 sur son compte Twitter que tout voyageur en provenance du Maroc aura l\u2019obligation de pr\u00e9senter [&hellip;]<\/p>\n","protected":false},"author":1759,"featured_media":103970,"comment_status":"closed","ping_status":"closed","sticky":false,"template":"","format":"standard","meta":{"fifu_image_url":"","fifu_image_alt":"","footnotes":""},"categories":[73,54],"tags":[],"class_list":["post-103969","post","type-post","status-publish","format-standard","has-post-thumbnail","hentry","category-actualite","category-maroc"],"_links":{"self":[{"href":"https:\/\/linitiative.ca\/International\/wp-json\/wp\/v2\/posts\/103969","targetHints":{"allow":["GET"]}}],"collection":[{"href":"https:\/\/linitiative.ca\/International\/wp-json\/wp\/v2\/posts"}],"about":[{"href":"https:\/\/linitiative.ca\/International\/wp-json\/wp\/v2\/types\/post"}],"author":[{"embeddable":true,"href":"https:\/\/linitiative.ca\/International\/wp-json\/wp\/v2\/users\/1759"}],"replies":[{"embeddable":true,"href":"https:\/\/linitiative.ca\/International\/wp-json\/wp\/v2\/comments?post=103969"}],"version-history":[{"count":0,"href":"https:\/\/linitiative.ca\/International\/wp-json\/wp\/v2\/posts\/103969\/revisions"}],"wp:featuredmedia":[{"embeddable":true,"href":"https:\/\/linitiative.ca\/International\/wp-json\/"}],"wp:attachment":[{"href":"https:\/\/linitiative.ca\/International\/wp-json\/wp\/v2\/media?parent=103969"}],"wp:term":[{"taxonomy":"category","embeddable":true,"href":"https:\/\/linitiative.ca\/International\/wp-json\/wp\/v2\/categories?post=103969"},{"taxonomy":"post_tag","embeddable":true,"href":"https:\/\/linitiative.ca\/International\/wp-json\/wp\/v2\/tags?post=103969"}],"curies":[{"name":"wp","href":"https:\/\/api.w.org\/{rel}","templated":true}]}}