{"id":103971,"date":"2020-11-07T08:44:56","date_gmt":"2020-11-07T13:44:56","guid":{"rendered":"https:\/\/linitiative.ca\/International\/zone-logistique-au-sud-dait-melloul-lamdl-publie-cinq-appels-doffres-pour-realiser-le-projet\/"},"modified":"2020-11-07T08:44:56","modified_gmt":"2020-11-07T13:44:56","slug":"zone-logistique-au-sud-dait-melloul-lamdl-publie-cinq-appels-doffres-pour-realiser-le-projet","status":"publish","type":"post","link":"https:\/\/linitiative.ca\/International\/zone-logistique-au-sud-dait-melloul-lamdl-publie-cinq-appels-doffres-pour-realiser-le-projet\/","title":{"rendered":"Zone logistique au sud d\u2019A\u00eft Melloul : L\u2019AMDL publie cinq appels d\u2019offres pour r\u00e9aliser  le projet"},"content":{"rendered":"<p><img decoding=\"async\" class=\"post_layout_5_img\" src=\"http:\/\/aujourdhui.ma\/wp-content\/uploads\/2020\/05\/logistique-usine-.jpg\" alt=\"Zone logistique au sud d&#x2019;A&#xEF;t Melloul : L&#x2019;AMDL publie cinq appels d&#x2019;offres pour r&#xE9;aliser le projet\"\/><\/p>\n<p><span class=\"c5\"><strong>La Zone logistique au sud d\u2019A\u00eft Melloul (commune Qliaa) sort de terre. L\u2019Agence marocaine pour le d\u00e9veloppement de la logistique (AMDL) vient de publier une s\u00e9rie d\u2019appels d\u2019offres pour la r\u00e9alisation de cette nouvelle structure qui donnera un v\u00e9ritable coup de pouce \u00e0 la comp\u00e9titivit\u00e9 logistique de la r\u00e9gion Souss-Massa.<\/strong><\/span><\/p>\n<p><span id=\"more-359763\"\/><br \/>C\u2019est, donc, parti pour la premi\u00e8re tranche Zone logistique au sud d\u2019A\u00eft Melloul, qui sera situ\u00e9e sur la voie express num\u00e9ro I entre cette localit\u00e9 et la commune de Sidi Bibi. Ainsi, suite \u00e0 la ratification de ce projet par le conseil r\u00e9gional Souss-Massa lors de sa session ordinaire, l\u2019AMDL a publi\u00e9 cinq appels d\u2019offres pour concr\u00e9tiser ce projet, dont celui de la r\u00e9alisation des travaux d\u2019am\u00e9nagement In-Site et Hors-Site de ladite zone pour un montant total de 169 millions de dirhams.<br \/>Dans les d\u00e9tails, la premi\u00e8re tranche de la Zone logistique au sud d\u2019A\u00eft Melloul (commune Qliaa), porte sur la r\u00e9alisation de la premi\u00e8re tranche de cette zone sur une superficie de 45 ha, alors que celle-ci s\u2019\u00e9tendra ult\u00e9rieurement sur 172 ha.<\/p>\n<p>Cette 1\u00e8re tranche pr\u00e9voit le d\u00e9veloppement de plusieurs composantes dont des espaces logistiques (Parc logistique locatif nouvelle g\u00e9n\u00e9ration, Parc locatif PME\/PMI et stockage interm\u00e9diaire, Grandes parcelles pour activit\u00e9s logistiques sp\u00e9cifiques, etc.), et des espaces pour les services (Centre routier, P\u00f4le d\u2019accueil et de services aux personnes et aux entreprises, Centre de formation, etc.).<br \/>Pour la r\u00e9alisation de ce projet, un investissement initial de l\u2019ordre de 350 millions de dirhams est n\u00e9cessaire pour financer l\u2019am\u00e9nagement de la zone (travaux in site et hors site) et le d\u00e9veloppement des premi\u00e8res composantes immobili\u00e8res logistiques. Il est pr\u00e9vu que ce projet draine des investissements directs d\u2019acteurs priv\u00e9s estim\u00e9s \u00e0 plus de 760 MDH.<\/p>\n<p>En effet, le choix du foncier propos\u00e9 au d\u00e9veloppement du projet de la zone logistique au sud d\u2019A\u00eft Melloul a \u00e9t\u00e9 approuv\u00e9 par la commission r\u00e9gionale d\u2019investissement de Souss-Massa en novembre 2018.<br \/>Le d\u00e9veloppement de cette zone permettra de massifier les flux de marchandises au niveau de la r\u00e9gion de Souss-Massa et de renforcer sa vocation comme plate-forme d\u2019\u00e9changes notamment vers le Sud du Royaume et au-del\u00e0 vers les march\u00e9s africains.<\/p>\n<p>Ainsi, la r\u00e9alisation de ce projet permettra aux entreprises de la r\u00e9gion de gagner en productivit\u00e9 et comp\u00e9titivit\u00e9 \u00e0 travers la r\u00e9duction des co\u00fbts li\u00e9s \u00e0 la logistique et des temps de parcours et contribuera \u00e0 la structuration du tissu des PME \/ PMI et des activit\u00e9s logistiques informelles. A ce titre, il est attendu que la r\u00e9alisation de la premi\u00e8re tranche de cette zone cr\u00e9e au moins 500 emplois permanents.<br \/>Par ailleurs, le d\u00e9veloppement de cette zone permettra \u00e9galement de contribuer au d\u00e9veloppement durable de la r\u00e9gion de Souss-Massa, \u00e0 travers notamment la r\u00e9duction des nuisances (baisse du nombre de tonnes\/kilom\u00e8tres), la r\u00e9duction des \u00e9missions CO2 et la d\u00e9congestion des routes et des diff\u00e9rents tissus urbains de la r\u00e9gion.<\/p>\n<p>Auteur: Mohamed Laabid<br \/>\n<a href=\"https:\/\/aujourdhui.ma\/economie\/zone-logistique-au-sud-dait-melloul-lamdl-publie-cinq-appels-doffres-pour-realiser-le-projet\">Cliquez ici pour lire l&rsquo;article depuis sa source.<\/a><\/p>\n","protected":false},"excerpt":{"rendered":"<p>La Zone logistique au sud d\u2019A\u00eft Melloul (commune Qliaa) sort de terre. L\u2019Agence marocaine pour le d\u00e9veloppement de la logistique (AMDL) vient de publier une s\u00e9rie d\u2019appels d\u2019offres pour la r\u00e9alisation de cette nouvelle structure qui donnera un v\u00e9ritable coup de pouce \u00e0 la comp\u00e9titivit\u00e9 logistique de la r\u00e9gion Souss-Massa. C\u2019est, donc, parti pour la [&hellip;]<\/p>\n","protected":false},"author":1759,"featured_media":103972,"comment_status":"closed","ping_status":"closed","sticky":false,"template":"","format":"standard","meta":{"fifu_image_url":"","fifu_image_alt":"","footnotes":""},"categories":[73,54],"tags":[],"class_list":["post-103971","post","type-post","status-publish","format-standard","has-post-thumbnail","hentry","category-actualite","category-maroc"],"_links":{"self":[{"href":"https:\/\/linitiative.ca\/International\/wp-json\/wp\/v2\/posts\/103971","targetHints":{"allow":["GET"]}}],"collection":[{"href":"https:\/\/linitiative.ca\/International\/wp-json\/wp\/v2\/posts"}],"about":[{"href":"https:\/\/linitiative.ca\/International\/wp-json\/wp\/v2\/types\/post"}],"author":[{"embeddable":true,"href":"https:\/\/linitiative.ca\/International\/wp-json\/wp\/v2\/users\/1759"}],"replies":[{"embeddable":true,"href":"https:\/\/linitiative.ca\/International\/wp-json\/wp\/v2\/comments?post=103971"}],"version-history":[{"count":0,"href":"https:\/\/linitiative.ca\/International\/wp-json\/wp\/v2\/posts\/103971\/revisions"}],"wp:featuredmedia":[{"embeddable":true,"href":"https:\/\/linitiative.ca\/International\/wp-json\/"}],"wp:attachment":[{"href":"https:\/\/linitiative.ca\/International\/wp-json\/wp\/v2\/media?parent=103971"}],"wp:term":[{"taxonomy":"category","embeddable":true,"href":"https:\/\/linitiative.ca\/International\/wp-json\/wp\/v2\/categories?post=103971"},{"taxonomy":"post_tag","embeddable":true,"href":"https:\/\/linitiative.ca\/International\/wp-json\/wp\/v2\/tags?post=103971"}],"curies":[{"name":"wp","href":"https:\/\/api.w.org\/{rel}","templated":true}]}}