{"id":103975,"date":"2020-11-07T11:24:26","date_gmt":"2020-11-07T16:24:26","guid":{"rendered":"https:\/\/linitiative.ca\/International\/madaef-eco6-la-societe-damenagement-et-de-promotion-de-la-station-de-taghazout-prolonge-lappel-a-projets\/"},"modified":"2020-11-07T11:24:26","modified_gmt":"2020-11-07T16:24:26","slug":"madaef-eco6-la-societe-damenagement-et-de-promotion-de-la-station-de-taghazout-prolonge-lappel-a-projets","status":"publish","type":"post","link":"https:\/\/linitiative.ca\/International\/madaef-eco6-la-societe-damenagement-et-de-promotion-de-la-station-de-taghazout-prolonge-lappel-a-projets\/","title":{"rendered":"Mada\u00ebf ECO6 : La Soci\u00e9t\u00e9 d\u2019Am\u00e9nagement  et de Promotion de la Station de  Taghazout prolonge l\u2019appel \u00e0 projets"},"content":{"rendered":"<header>\n<div class=\"entry-post-meta\">\n<div class=\"author-link\">Publi\u00e9 par <a itemprop=\"author\" itemscope=\"\" itemtype=\"https:\/\/schema.org\/Person\" href=\"https:\/\/aujourdhui.ma\/author\/kaid\" rel=\"author\"><span itemprop=\"name\">ALM<\/span><\/a><\/div>\n<p>Date\u00a0:<time content=\"2020-11-07T17:24:26+01:00\" class=\"entry-date updated\" datetime=\"2020-11-07T17:24:26+01:00\">novembre 07, 2020<\/time><\/p>\n<div class=\"entry-cat\">dans:<a href=\"https:\/\/aujourdhui.ma\/category\/economie\" rel=\"category tag\">Economie<\/a><\/div>\n<p>8Vues<\/p>\n<\/div>\n<\/header>\n<div class=\"entry-content clearfix\" readability=\"58\"><img decoding=\"async\" class=\"post_layout_5_img\" src=\"http:\/\/aujourdhui.ma\/wp-content\/uploads\/2020\/11\/Station-de-Taghazout.jpg\" alt=\"Mada&#xEB;f ECO6 : La Soci&#xE9;t&#xE9; d&#x2019;Am&#xE9;nagement et de Promotion de la Station de Taghazout prolonge l&#x2019;appel &#xE0; projets\"\/><\/p>\n<p><span class=\"c5\"><strong>L<\/strong><strong>a Soci\u00e9t\u00e9 d\u2019Am\u00e9nagement et de Promotion de la Station de Taghazout annonce la prolongation jusqu\u2019au 30 novembre 2020 de l\u2019appel \u00e0 projets lanc\u00e9 dans le cadre de la premi\u00e8re \u00e9dition de Mada\u00ebf ECO6, une initiative de soutien \u00e0 des porteurs de projets souhaitant s\u2019installer au sein de la station.<\/strong><\/span><br \/><span id=\"more-359705\"\/><\/p>\n<p>Ouvert aux artisans, start-ups et TPME, Mada\u00ebf ECO6 met l\u2019accent sur l\u2019inclusion sociale, le d\u00e9veloppement durable et l\u2019innovation dans les domaines de l\u2019animation touristique, de la promotion de l\u2019artisanat local et des produits du terroir, et plus g\u00e9n\u00e9ralement des services aux touristes, \u00e0 la station et \u00e0 ses unit\u00e9s h\u00f4teli\u00e8res et golfiques.<\/p>\n<p>Les porteurs de projets s\u00e9lectionn\u00e9s b\u00e9n\u00e9ficieront de l\u2019accompagnement professionnel d\u2019une \u00e9quipe d\u2019experts, d\u2019un acc\u00e8s aux financements, aux infrastructures et aux march\u00e9s. Apr\u00e8s Taghazout Bay, cinq autres \u00e9ditions de Mada\u00ebf ECO6 seront organis\u00e9es \u00e0 Sa\u00efdia Resorts, Al Hoceima, Tamuda Bay, F\u00e8s et dans le r\u00e9seau des golfs du Groupe CDG.<\/p>\n<\/div>\n<p>Auteur: ALM<br \/>\n<a href=\"https:\/\/aujourdhui.ma\/economie\/madaef-eco6-la-societe-damenagement-et-de-promotion-de-la-station-de-taghazout-prolonge-lappel-a-projets\">Cliquez ici pour lire l&rsquo;article depuis sa source.<\/a><\/p>\n","protected":false},"excerpt":{"rendered":"<p>Publi\u00e9 par ALM Date\u00a0:novembre 07, 2020 dans:Economie 8Vues La Soci\u00e9t\u00e9 d\u2019Am\u00e9nagement et de Promotion de la Station de Taghazout annonce la prolongation jusqu\u2019au 30 novembre 2020 de l\u2019appel \u00e0 projets lanc\u00e9 dans le cadre de la premi\u00e8re \u00e9dition de Mada\u00ebf ECO6, une initiative de soutien \u00e0 des porteurs de projets souhaitant s\u2019installer au sein de [&hellip;]<\/p>\n","protected":false},"author":1759,"featured_media":103976,"comment_status":"closed","ping_status":"closed","sticky":false,"template":"","format":"standard","meta":{"fifu_image_url":"","fifu_image_alt":"","footnotes":""},"categories":[73,54],"tags":[],"class_list":["post-103975","post","type-post","status-publish","format-standard","has-post-thumbnail","hentry","category-actualite","category-maroc"],"_links":{"self":[{"href":"https:\/\/linitiative.ca\/International\/wp-json\/wp\/v2\/posts\/103975","targetHints":{"allow":["GET"]}}],"collection":[{"href":"https:\/\/linitiative.ca\/International\/wp-json\/wp\/v2\/posts"}],"about":[{"href":"https:\/\/linitiative.ca\/International\/wp-json\/wp\/v2\/types\/post"}],"author":[{"embeddable":true,"href":"https:\/\/linitiative.ca\/International\/wp-json\/wp\/v2\/users\/1759"}],"replies":[{"embeddable":true,"href":"https:\/\/linitiative.ca\/International\/wp-json\/wp\/v2\/comments?post=103975"}],"version-history":[{"count":0,"href":"https:\/\/linitiative.ca\/International\/wp-json\/wp\/v2\/posts\/103975\/revisions"}],"wp:featuredmedia":[{"embeddable":true,"href":"https:\/\/linitiative.ca\/International\/wp-json\/"}],"wp:attachment":[{"href":"https:\/\/linitiative.ca\/International\/wp-json\/wp\/v2\/media?parent=103975"}],"wp:term":[{"taxonomy":"category","embeddable":true,"href":"https:\/\/linitiative.ca\/International\/wp-json\/wp\/v2\/categories?post=103975"},{"taxonomy":"post_tag","embeddable":true,"href":"https:\/\/linitiative.ca\/International\/wp-json\/wp\/v2\/tags?post=103975"}],"curies":[{"name":"wp","href":"https:\/\/api.w.org\/{rel}","templated":true}]}}