{"id":103977,"date":"2020-11-07T07:14:00","date_gmt":"2020-11-07T12:14:00","guid":{"rendered":"https:\/\/linitiative.ca\/International\/deces-du-moudjahid-abdelkader-guerroudj\/"},"modified":"2020-11-07T07:14:00","modified_gmt":"2020-11-07T12:14:00","slug":"deces-du-moudjahid-abdelkader-guerroudj","status":"publish","type":"post","link":"https:\/\/linitiative.ca\/International\/deces-du-moudjahid-abdelkader-guerroudj\/","title":{"rendered":"D\u00e9c\u00e8s du moudjahid Abdelkader Guerroudj"},"content":{"rendered":"<div id=\"originalText\" readability=\"66\">\n<p>Le moudjahid et ancien condamn\u00e9 \u00e0 mort Abdelkader Guerroudj, dit Djilali, est d\u00e9c\u00e9d\u00e9 samedi \u00e0 l&rsquo;\u00e2ge de 92 ans des suites d\u2019une maladie, a-t-on appris aupr\u00e8s de ses proches.<\/p>\n<p>N\u00e9 le 26 juillet 1928 \u00e0 Tlemcen, Abdelkader Guerroudj s&rsquo;\u00e9tait engag\u00e9 t\u00f4t au sein du Parti communiste alg\u00e9rien (PCA) et a milit\u00e9 au sein de l&rsquo;Organisation des groupes de paysans dans la r\u00e9gion.<\/p>\n<p>Ces paysans militants du PCA ont \u00e9t\u00e9 les premiers \u00e0 rejoindre le maquis en 1955, sans attendre des instructions du parti, selon l&rsquo;historien Ren\u00e9 Galissot.<\/p>\n<p>Instituteur, Guerroudj s&rsquo;\u00e9tait mari\u00e9 en 1950 avec Jacqueline Netter, \u00e9galement institutrice et militante, devenue plus tard une des figures f\u00e9minines de la glorieuse R\u00e9volution de Novembre 1954.<\/p>\n<p>Le couple Guerroudj a \u00e9t\u00e9 notamment expuls\u00e9, sur d\u00e9cision du pr\u00e9fet d&rsquo;Oran vers la France. Apr\u00e8s l&rsquo;annulation de cette d\u00e9cision, le couple est revenu en Alg\u00e9rie avant d&rsquo;int\u00e9grer les combattants de la lib\u00e9ration, lanc\u00e9 par le PCA, dont les membres int\u00e8greront l&rsquo;Arm\u00e9e de lib\u00e9ration nationale (ALN), apr\u00e8s l&rsquo;accord entre le Front de lib\u00e9ration nationale (FLN) et le PCA.<\/p>\n<p>Devenu tr\u00e8s actif parmi les commandos du grand Alger, Abdelkader Guerroudj a \u00e9t\u00e9 arr\u00eat\u00e9 et tortur\u00e9 puis jug\u00e9 en d\u00e9cembre 1957 avec sa femme Jacqueline. Le couple a \u00e9t\u00e9 condamn\u00e9 \u00e0 mort.<\/p>\n<p class=\"c6\"><strong>APS<\/strong><\/p>\n<\/div>\n<div id=\"text_core\" readability=\"66\">\n<p>Le moudjahid et ancien condamn\u00e9 \u00e0 mort Abdelkader Guerroudj, dit Djilali, est d\u00e9c\u00e9d\u00e9 samedi \u00e0 l&rsquo;\u00e2ge de 92 ans des suites d\u2019une maladie, a-t-on appris aupr\u00e8s de ses proches.<\/p>\n<p>N\u00e9 le 26 juillet 1928 \u00e0 Tlemcen, Abdelkader Guerroudj s&rsquo;\u00e9tait engag\u00e9 t\u00f4t au sein du Parti communiste alg\u00e9rien (PCA) et a milit\u00e9 au sein de l&rsquo;Organisation des groupes de paysans dans la r\u00e9gion.<\/p>\n<p>Ces paysans militants du PCA ont \u00e9t\u00e9 les premiers \u00e0 rejoindre le maquis en 1955, sans attendre des instructions du parti, selon l&rsquo;historien Ren\u00e9 Galissot.<\/p>\n<p>Instituteur, Guerroudj s&rsquo;\u00e9tait mari\u00e9 en 1950 avec Jacqueline Netter, \u00e9galement institutrice et militante, devenue plus tard une des figures f\u00e9minines de la glorieuse R\u00e9volution de Novembre 1954.<\/p>\n<p>Le couple Guerroudj a \u00e9t\u00e9 notamment expuls\u00e9, sur d\u00e9cision du pr\u00e9fet d&rsquo;Oran vers la France. Apr\u00e8s l&rsquo;annulation de cette d\u00e9cision, le couple est revenu en Alg\u00e9rie avant d&rsquo;int\u00e9grer les combattants de la lib\u00e9ration, lanc\u00e9 par le PCA, dont les membres int\u00e8greront l&rsquo;Arm\u00e9e de lib\u00e9ration nationale (ALN), apr\u00e8s l&rsquo;accord entre le Front de lib\u00e9ration nationale (FLN) et le PCA.<\/p>\n<p>Devenu tr\u00e8s actif parmi les commandos du grand Alger, Abdelkader Guerroudj a \u00e9t\u00e9 arr\u00eat\u00e9 et tortur\u00e9 puis jug\u00e9 en d\u00e9cembre 1957 avec sa femme Jacqueline. Le couple a \u00e9t\u00e9 condamn\u00e9 \u00e0 mort.<\/p>\n<p class=\"c6\"><strong>APS<\/strong><\/p>\n<\/div>\n<p>Auteur:<br \/>\n<a href=\"https:\/\/www.liberte-algerie.com\/actualite\/deces-du-moudjahid-abdelkader-guerroudj-348564\">Cliquez ici pour lire l&rsquo;article depuis sa source.<\/a><\/p>\n","protected":false},"excerpt":{"rendered":"<p>Le moudjahid et ancien condamn\u00e9 \u00e0 mort Abdelkader Guerroudj, dit Djilali, est d\u00e9c\u00e9d\u00e9 samedi \u00e0 l&rsquo;\u00e2ge de 92 ans des suites d\u2019une maladie, a-t-on appris aupr\u00e8s de ses proches. N\u00e9 le 26 juillet 1928 \u00e0 Tlemcen, Abdelkader Guerroudj s&rsquo;\u00e9tait engag\u00e9 t\u00f4t au sein du Parti communiste alg\u00e9rien (PCA) et a milit\u00e9 au sein de l&rsquo;Organisation [&hellip;]<\/p>\n","protected":false},"author":1742,"featured_media":0,"comment_status":"closed","ping_status":"closed","sticky":false,"template":"","format":"standard","meta":{"fifu_image_url":"","fifu_image_alt":"","footnotes":""},"categories":[73,53],"tags":[],"class_list":["post-103977","post","type-post","status-publish","format-standard","hentry","category-actualite","category-algerie"],"_links":{"self":[{"href":"https:\/\/linitiative.ca\/International\/wp-json\/wp\/v2\/posts\/103977","targetHints":{"allow":["GET"]}}],"collection":[{"href":"https:\/\/linitiative.ca\/International\/wp-json\/wp\/v2\/posts"}],"about":[{"href":"https:\/\/linitiative.ca\/International\/wp-json\/wp\/v2\/types\/post"}],"author":[{"embeddable":true,"href":"https:\/\/linitiative.ca\/International\/wp-json\/wp\/v2\/users\/1742"}],"replies":[{"embeddable":true,"href":"https:\/\/linitiative.ca\/International\/wp-json\/wp\/v2\/comments?post=103977"}],"version-history":[{"count":0,"href":"https:\/\/linitiative.ca\/International\/wp-json\/wp\/v2\/posts\/103977\/revisions"}],"wp:attachment":[{"href":"https:\/\/linitiative.ca\/International\/wp-json\/wp\/v2\/media?parent=103977"}],"wp:term":[{"taxonomy":"category","embeddable":true,"href":"https:\/\/linitiative.ca\/International\/wp-json\/wp\/v2\/categories?post=103977"},{"taxonomy":"post_tag","embeddable":true,"href":"https:\/\/linitiative.ca\/International\/wp-json\/wp\/v2\/tags?post=103977"}],"curies":[{"name":"wp","href":"https:\/\/api.w.org\/{rel}","templated":true}]}}