{"id":103984,"date":"2020-11-07T09:04:52","date_gmt":"2020-11-07T14:04:52","guid":{"rendered":"https:\/\/linitiative.ca\/International\/celebration-du-45eme-anniversaire-de-la-glorieuse-marche-verte\/"},"modified":"2020-11-07T09:04:52","modified_gmt":"2020-11-07T14:04:52","slug":"celebration-du-45eme-anniversaire-de-la-glorieuse-marche-verte","status":"publish","type":"post","link":"https:\/\/linitiative.ca\/International\/celebration-du-45eme-anniversaire-de-la-glorieuse-marche-verte\/","title":{"rendered":"C\u00e9l\u00e9bration du 45\u00e8me anniversaire de la glorieuse Marche Verte"},"content":{"rendered":"<div readability=\"35\">\n<p>Marrakech- La famille du mouvement national, de la r\u00e9sistance et de l\u2019arm\u00e9e de lib\u00e9ration c\u00e9l\u00e8bre dans les diff\u00e9rentes provinces relevant de la r\u00e9gion de Marrakech-Safi le 45\u00e8me anniversaire de la glorieuse Marche Verte.<\/p>\n<\/div>\n<div readability=\"104\">\n<p>Cet \u00e9v\u00e9nement historique, qui t\u00e9moigne de l\u2019ing\u00e9niosit\u00e9 de Feu SM Hassan II, refl\u00e8te les liens de communion et de symbiose profonde entre le glorieux Tr\u00f4ne Alaouite et le peuple marocain pour le parach\u00e8vement de l\u2019ind\u00e9pendance du pays et la r\u00e9alisation de l\u2019int\u00e9grit\u00e9 territoriale sacr\u00e9e du Royaume.<\/p>\n<p>Dans ce cadre, la d\u00e9l\u00e9gation r\u00e9gionale du Haut Commissariat aux anciens r\u00e9sistants et anciens membres de l\u2019arm\u00e9e de lib\u00e9ration \u00e0 Marrakech-Safi a organis\u00e9 une c\u00e9r\u00e9monie marqu\u00e9e par de riches activit\u00e9s \u00e9ducatives et culturelles en vue de comm\u00e9morer cet anniversaire et inculquer ses valeurs aux g\u00e9n\u00e9rations montantes.<\/p>\n<p>Dans un mot de circonstance, le D\u00e9l\u00e9gu\u00e9 r\u00e9gional du Haut Commissariat, Mohamed Joulal, a indiqu\u00e9 que la Marche Verte a \u00e9t\u00e9 l\u2019incarnation du fort engagement et de l\u2019esprit du sacrifice des Marocains qui ont d\u00e9montr\u00e9 leur attachement ind\u00e9fectible pour la d\u00e9fense des sacralit\u00e9s religieuses et des constantes nationales.<\/p>\n<p>Outre son aspect historique, le 45\u00e8me anniversaire de la Marche Verte rev\u00eat une dimension ayant une port\u00e9e socio\u00e9conomique et de d\u00e9veloppement qui exige la poursuite de la mise en \u0153uvre des politiques publiques visant \u00e0 renforcer les choix de d\u00e9veloppement qui r\u00e9pondent aux besoins et aspirations du peuple marocain, a-t-il encha\u00een\u00e9.<\/p>\n<p>Dans ce sillage, M. Joulal a affirm\u00e9 que cette dynamique a \u00e9rig\u00e9 les provinces du sud du Royaume en une \u00ab\u00a0locomotive du d\u00e9veloppement\u00a0\u00bb et en \u00ab\u00a0un chantier de projets d\u2019investissements prometteurs et int\u00e9gr\u00e9s\u00a0\u00bb, susceptibles de jeter les bases d\u2019un nouveau mod\u00e8le de d\u00e9veloppement global, p\u00e9renne et inclusif dans tous les domaines et de consolider le chantier de la r\u00e9gionalisation avanc\u00e9e que SM le Roi Mohammed VI voulait en faire un saut qualitatif dans le processus de la d\u00e9mocratie territoriale.<\/p>\n<p>Cette vision, a-t-il conclu, fera des provinces du sud du Royaume un mod\u00e8le r\u00e9ussi de la r\u00e9gionalisation avanc\u00e9e, \u00e0 m\u00eame d\u2019\u00eatre dot\u00e9es de larges attributions qui leur permettront de renforcer la gestion d\u00e9mocratique des affaires locales dans le cadre de la cons\u00e9cration d\u2019un processus d\u00e9mocratique sain et cr\u00e9atif, qui va assurer leur rayonnement en tant que p\u00f4le \u00e9conomique national et trait d\u2019union entre le Royaume et sa profondeur africaine.<\/p>\n<p>A noter qu\u2019\u00e0 l\u2019occasion de la c\u00e9l\u00e9bration de l\u2019anniversaire de la Marche Verte, les espaces de la m\u00e9moire historique, de la r\u00e9sistance et de la lib\u00e9ration \u00e0 Marrakech, Bengu\u00e9rir, El Kel\u00e2a des Sraghna, Essaouira, Safi, Chichaoua et \u00e0 Tahanaout ont programm\u00e9 une s\u00e9rie d\u2019activit\u00e9s, dont l\u2019organisation d\u2019une exposition de photos refl\u00e9tant la lutte du Tr\u00f4ne et du peuple pour l\u2019ind\u00e9pendance et la r\u00e9alisation de l\u2019int\u00e9grit\u00e9 territoriale.<\/p>\n<p>Ces espaces ont aussi mis \u00e0 la disposition de leurs visiteurs et de ceux de leurs pages facebook la conf\u00e9rence scientifique qui met en avant le r\u00f4le pionnier de feu SM Hassan II dans l\u2019\u00e9pop\u00e9e de l\u2019ind\u00e9pendance et de la r\u00e9alisation de l\u2019int\u00e9grit\u00e9 territoriale.<\/p>\n<p>Au menu de cette programmation \u00e0 l\u2019\u00e9chelle r\u00e9gionale, figurent aussi la tenue de rencontres de communication avec les \u00e9l\u00e8ves d\u2019\u00e9tablissements scolaires en vue de leur faire conna\u00eetre cette glorieuse \u00e9pop\u00e9e, la pr\u00e9sentation de spectacles artistiques et musicaux sur la Marche Verte, interpr\u00e9t\u00e9s par des apprenants, de films documentaires sur cet \u00e9v\u00e9nement et de lectures po\u00e9tiques, ainsi que l\u2019organisation de comp\u00e9titions sportives, culturelles et artistiques, le tout dans le strict respect des mesures pr\u00e9ventives en vigueur pour enrayer la propagation de la Covid-19.<\/p>\n<\/div>\n<p>Auteur: Mohammed KOURSI<br \/>\n<a href=\"http:\/\/www.mapmarrakech.ma\/fr\/celebration-du-45eme-anniversaire-de-la-glorieuse-marche-verte\/\">Cliquez ici pour lire l&rsquo;article depuis sa source.<\/a><\/p>\n","protected":false},"excerpt":{"rendered":"<p>Marrakech- La famille du mouvement national, de la r\u00e9sistance et de l\u2019arm\u00e9e de lib\u00e9ration c\u00e9l\u00e8bre dans les diff\u00e9rentes provinces relevant de la r\u00e9gion de Marrakech-Safi le 45\u00e8me anniversaire de la glorieuse Marche Verte. Cet \u00e9v\u00e9nement historique, qui t\u00e9moigne de l\u2019ing\u00e9niosit\u00e9 de Feu SM Hassan II, refl\u00e8te les liens de communion et de symbiose profonde entre [&hellip;]<\/p>\n","protected":false},"author":1788,"featured_media":0,"comment_status":"closed","ping_status":"closed","sticky":false,"template":"","format":"standard","meta":{"fifu_image_url":"","fifu_image_alt":"","footnotes":""},"categories":[54,76],"tags":[],"class_list":["post-103984","post","type-post","status-publish","format-standard","hentry","category-maroc","category-regions"],"_links":{"self":[{"href":"https:\/\/linitiative.ca\/International\/wp-json\/wp\/v2\/posts\/103984","targetHints":{"allow":["GET"]}}],"collection":[{"href":"https:\/\/linitiative.ca\/International\/wp-json\/wp\/v2\/posts"}],"about":[{"href":"https:\/\/linitiative.ca\/International\/wp-json\/wp\/v2\/types\/post"}],"author":[{"embeddable":true,"href":"https:\/\/linitiative.ca\/International\/wp-json\/wp\/v2\/users\/1788"}],"replies":[{"embeddable":true,"href":"https:\/\/linitiative.ca\/International\/wp-json\/wp\/v2\/comments?post=103984"}],"version-history":[{"count":0,"href":"https:\/\/linitiative.ca\/International\/wp-json\/wp\/v2\/posts\/103984\/revisions"}],"wp:attachment":[{"href":"https:\/\/linitiative.ca\/International\/wp-json\/wp\/v2\/media?parent=103984"}],"wp:term":[{"taxonomy":"category","embeddable":true,"href":"https:\/\/linitiative.ca\/International\/wp-json\/wp\/v2\/categories?post=103984"},{"taxonomy":"post_tag","embeddable":true,"href":"https:\/\/linitiative.ca\/International\/wp-json\/wp\/v2\/tags?post=103984"}],"curies":[{"name":"wp","href":"https:\/\/api.w.org\/{rel}","templated":true}]}}