{"id":103985,"date":"2020-11-07T09:08:17","date_gmt":"2020-11-07T14:08:17","guid":{"rendered":"https:\/\/linitiative.ca\/International\/ceremonie-religieuse-en-commemoration-de-la-marche-verte\/"},"modified":"2020-11-07T09:08:17","modified_gmt":"2020-11-07T14:08:17","slug":"ceremonie-religieuse-en-commemoration-de-la-marche-verte","status":"publish","type":"post","link":"https:\/\/linitiative.ca\/International\/ceremonie-religieuse-en-commemoration-de-la-marche-verte\/","title":{"rendered":"C\u00e9r\u00e9monie religieuse en comm\u00e9moration de la Marche Verte"},"content":{"rendered":"<div readability=\"36\">\n<p>Marrakech- Une c\u00e9r\u00e9monie religieuse a \u00e9t\u00e9 organis\u00e9e, jeudi soir, par le conseil local des oul\u00e9mas de Marrakech \u00e0 l\u2019occasion de la comm\u00e9moration de A\u00efd Al Mawlid Annabaoui Acharif et du 45\u00e8me anniversaire de la glorieuse Marche Verte.<\/p>\n<\/div>\n<div readability=\"95\">\n<p>Cette veill\u00e9e religieuse, initi\u00e9e en partenariat avec \u00ab\u00a0l\u2019association Al Youssoufia pour le patrimoine, Samae et le chant de Dalail Al Khayrate\u00a0\u00bb et la Fondation Mohammed VI pour la promotion des \u0153uvres sociales des pr\u00e9pos\u00e9s religieux, visait \u00e0 renforcer l\u2019esprit du soufisme religieux et \u00e0 revivifier la m\u00e9moire des citoyens au sujet d\u2019\u00e9v\u00e9nements \u00e0 grande port\u00e9e religieuse et nationale.<\/p>\n<p>Dans un mot de circonstance, le pr\u00e9sident du conseil local des oul\u00e9mas, Mohamed Azeddine Maayar Idrissi, a indiqu\u00e9 que les anniversaires de A\u00efd Al Mawlid Annabaoui Acharif et de la glorieuse Marche Verte repr\u00e9sentent deux \u00e9v\u00e9nements ayant une place tr\u00e8s particuli\u00e8re dans les c\u0153urs de tous les Marocains, qui demeurent fortement attach\u00e9s au proph\u00e8te Sidna Mohamed (PSSL), \u00e0 leur Patrie et au Sahara marocain.<\/p>\n<p>Il a, dans ce sens, mis en exergue l\u2019\u00e9pop\u00e9e de la Marche Verte, une \u0153uvre t\u00e9moignant de l\u2019ing\u00e9niosit\u00e9 de Feu SM Hassan II et consid\u00e9r\u00e9e \u00e0 l\u2019\u00e9poque comme \u00e9tant le \u00ab\u00a0miracle du si\u00e8cle\u00a0\u00bb et un acte civilisationnel distingu\u00e9 et in\u00e9dit, relevant que la soci\u00e9t\u00e9, l\u2019\u00e9cole et les parents ont la lourde responsabilit\u00e9 de veiller \u00e0 inculquer aux g\u00e9n\u00e9rations montantes les enseignements propres \u00e0 ces deux \u00e9v\u00e9nements tr\u00e8s importants.<\/p>\n<p>De son c\u00f4t\u00e9, le d\u00e9l\u00e9gu\u00e9 provincial des affaires islamiques \u00e0 Marrakech, Mostafa Kebab, a soulign\u00e9 que le conseil local des oul\u00e9mas a, \u00e0 l\u2019occasion de la comm\u00e9moration de A\u00efd Al Mawlid Annaboui Acharif et de l\u2019anniversaire de la Marche Verte, \u00e9labor\u00e9 en coordination avec la d\u00e9l\u00e9gation, un programme sp\u00e9cial marqu\u00e9 par un hommage \u00e0 deux savants \u00e9rudits, en signe de reconnaissance aux loyaux services rendus dans les champs du savoir et de la religion au niveau de la pr\u00e9fecture.<\/p>\n<p>Cette c\u00e9r\u00e9monie, a-t-il dit, tend \u00e0 rappeler les grandes qualit\u00e9s, la moralit\u00e9 et les vertus du sceau des proph\u00e8tes, Sidna Mohammed (PSSL) et leur impact sur l\u2019\u00e9dification de la personnalit\u00e9 de l\u2019\u00eatre musulman, notant que la Marche Verte constitue, elle aussi, une \u00e9tape phare dans l\u2019histoire de la lutte nationale avec toutes ses profondes significations ayant trait \u00e0 la d\u00e9fense des sacralit\u00e9s du pays.<\/p>\n<p>Cette veill\u00e9e religieuse, \u00e0 laquelle ont pris part les repr\u00e9sentants des confr\u00e9ries soufies de la cit\u00e9 ocre, a \u00e9t\u00e9 ponctu\u00e9e de la d\u00e9clamation de versets du Saint Coran et de pan\u00e9gyriques du proph\u00e8te Sidna Mohammed (PSSL), ainsi que de la remise de pr\u00e9sents symboliques aux professeurs Mohamed Bayek et Zahraa Najia.<\/p>\n<p>A l\u2019issue de cette c\u00e9r\u00e9monie, des pri\u00e8res ont \u00e9t\u00e9 \u00e9lev\u00e9es par l\u2019assistance implorant le Tr\u00e8s-Haut de pr\u00e9server SM le Roi Mohammed VI, Amir Al Mouminine.<\/p>\n<\/div>\n<p>Auteur: Mohammed KOURSI<br \/>\n<a href=\"http:\/\/www.mapmarrakech.ma\/fr\/ceremonie-religieuse-a-loccasion-de-aid-al-mawlid-et-de-la-marche-verte\/\">Cliquez ici pour lire l&rsquo;article depuis sa source.<\/a><\/p>\n","protected":false},"excerpt":{"rendered":"<p>Marrakech- Une c\u00e9r\u00e9monie religieuse a \u00e9t\u00e9 organis\u00e9e, jeudi soir, par le conseil local des oul\u00e9mas de Marrakech \u00e0 l\u2019occasion de la comm\u00e9moration de A\u00efd Al Mawlid Annabaoui Acharif et du 45\u00e8me anniversaire de la glorieuse Marche Verte. Cette veill\u00e9e religieuse, initi\u00e9e en partenariat avec \u00ab\u00a0l\u2019association Al Youssoufia pour le patrimoine, Samae et le chant de [&hellip;]<\/p>\n","protected":false},"author":1788,"featured_media":0,"comment_status":"closed","ping_status":"closed","sticky":false,"template":"","format":"standard","meta":{"fifu_image_url":"","fifu_image_alt":"","footnotes":""},"categories":[54,76],"tags":[],"class_list":["post-103985","post","type-post","status-publish","format-standard","hentry","category-maroc","category-regions"],"_links":{"self":[{"href":"https:\/\/linitiative.ca\/International\/wp-json\/wp\/v2\/posts\/103985","targetHints":{"allow":["GET"]}}],"collection":[{"href":"https:\/\/linitiative.ca\/International\/wp-json\/wp\/v2\/posts"}],"about":[{"href":"https:\/\/linitiative.ca\/International\/wp-json\/wp\/v2\/types\/post"}],"author":[{"embeddable":true,"href":"https:\/\/linitiative.ca\/International\/wp-json\/wp\/v2\/users\/1788"}],"replies":[{"embeddable":true,"href":"https:\/\/linitiative.ca\/International\/wp-json\/wp\/v2\/comments?post=103985"}],"version-history":[{"count":0,"href":"https:\/\/linitiative.ca\/International\/wp-json\/wp\/v2\/posts\/103985\/revisions"}],"wp:attachment":[{"href":"https:\/\/linitiative.ca\/International\/wp-json\/wp\/v2\/media?parent=103985"}],"wp:term":[{"taxonomy":"category","embeddable":true,"href":"https:\/\/linitiative.ca\/International\/wp-json\/wp\/v2\/categories?post=103985"},{"taxonomy":"post_tag","embeddable":true,"href":"https:\/\/linitiative.ca\/International\/wp-json\/wp\/v2\/tags?post=103985"}],"curies":[{"name":"wp","href":"https:\/\/api.w.org\/{rel}","templated":true}]}}