{"id":103987,"date":"2020-11-07T13:11:56","date_gmt":"2020-11-07T18:11:56","guid":{"rendered":"https:\/\/linitiative.ca\/International\/adrar-des-projets-retenus-pour-les-communes-et-zones-dombre-de-la-daira-daoulef\/"},"modified":"2020-11-07T13:11:56","modified_gmt":"2020-11-07T18:11:56","slug":"adrar-des-projets-retenus-pour-les-communes-et-zones-dombre-de-la-daira-daoulef","status":"publish","type":"post","link":"https:\/\/linitiative.ca\/International\/adrar-des-projets-retenus-pour-les-communes-et-zones-dombre-de-la-daira-daoulef\/","title":{"rendered":"Adrar: des projets retenus pour les communes et zones d\u2019ombre de la da\u00efra d\u2019Aoulef"},"content":{"rendered":"<div readability=\"41\">\n<p><strong>ADRAR &#8211; La da\u00efra d\u2019Aoulef, situ\u00e9e dans le territoire de Tidikelt (250 km Est d\u2019Adrar), s\u2019est vu accorder une s\u00e9rie de projets de d\u00e9veloppement, tous secteurs confondus, retenus pour ses quatre communes et zones d\u2019ombre, susceptibles de contribuer \u00e0 l\u2019am\u00e9lioration des conditions de vie de la population locale, a-t-on appris des responsables de la wilaya d\u2019Adrar.<\/strong><\/p>\n<\/div>\n<div readability=\"137.41705870321\">\n<p>La commune de Tit, a ainsi b\u00e9n\u00e9fici\u00e9, au titre du plan communal de d\u00e9veloppement (PCD-2020), de projets d\u2019extension et de r\u00e9novation des r\u00e9seaux d\u2019alimentation en eau potable (AEP), d\u2019assainissement, transfert de l\u2019exutoire hors tissus urbains, en plus du parach\u00e8vement du projet de lutte contre la remont\u00e9e des eaux par la r\u00e9alisation d\u2019un nouveau r\u00e9seau d\u2019assainissement.<\/p>\n<p>L\u2019am\u00e9nagement d\u2019une salle de soins, la r\u00e9novation du r\u00e9seau d\u2019\u00e9clairage public, ainsi que le raccordement de plus de 260 foyers au r\u00e9seau de gaz naturel, font partie des op\u00e9rations de d\u00e9veloppement retenues pour cette collectivit\u00e9.<\/p>\n<blockquote readability=\"12\">\n<p><em><strong>Cette dynamique de d\u00e9veloppement s\u2019est renforc\u00e9e dans la commune d\u2019Akebli par le lancement d\u2019un projet de r\u00e9alisation d\u2019une route reliant, sur 35 km, cette commune au chef lieu de la da\u00efra, tant attendue par la population locale, car \u00e9pargnant aux malades et scolaris\u00e9s l\u2019utilisation de l\u2019ancien tron\u00e7on d\u00e9grad\u00e9.<\/strong><\/em><\/p>\n<\/blockquote>\n<p>A ce titre, le wali d\u2019Adrar, Larbi Bahloul, lors de sa derni\u00e8re sortie d\u2019inspection, dans la r\u00e9gion, a mis l\u2019accent sur le n\u00e9cessaire respect de la qualit\u00e9 conform\u00e9ment aux normes techniques adopt\u00e9es, la r\u00e9alisation aux abords de ce tron\u00e7on des bandes vertes pour prot\u00e9ger l\u2019axe du ph\u00e9nom\u00e8ne d\u2019ensablement envahissant cette commune.<\/p>\n<p>D\u2019autres op\u00e9rations de d\u00e9veloppement ont \u00e9t\u00e9 retenues \u00e0 cette collectivit\u00e9 portant notamment r\u00e9novation et extension des r\u00e9seaux d\u2019AEP, d\u2019assainissement et d\u2019\u00e9clairage public, en plus de l\u2019am\u00e9nagement de salles de soins \u00e0 travers bon nombre de vieux Ksour et zones d\u2019ombre, la r\u00e9alisation de deux salles de cours \u00e0 l\u2019\u00e9cole primaire du vieux Ksar Sahel, l\u2019\u00e9tude et la r\u00e9alisation du nouveau si\u00e8ge de l\u2019assembl\u00e9e populaire (APC) de cette commune.<\/p>\n<p>S\u2019agissant de l\u2019alimentation en gaz naturel, la commune a enregistr\u00e9 le raccordement de 590 foyers au r\u00e9seau de gaz, en sus de 180 autres foyers raccord\u00e9s au r\u00e9seau d\u2019\u00e9lectrification ainsi que deux (2) p\u00e9rim\u00e8tres, totalisant 510 ha, au r\u00e9seau d\u2019\u00e9lectrification agricole.<\/p>\n<hr\/>\n<h3>Lire aussi:\u00a0<a href=\"http:\/\/www.aps.dz\/regions\/112396-brahim-merrad-2021-sera-l-annee-de-rehabilitation-des-zones-d-ombre\" target=\"_blank\" rel=\"noopener noreferrer\">Brahim Merrad : 2021 sera l&rsquo;ann\u00e9e de \u00ab\u00a0r\u00e9habilitation\u00a0\u00bb des zones d&rsquo;ombre<\/a><\/h3>\n<hr\/>\n<blockquote readability=\"16\">\n<p><em><strong>La commune d\u2019Aoulef s\u2019est, de son c\u00f4t\u00e9, renforc\u00e9e, au titre du plan communal de d\u00e9veloppement (PCD), de neuf (9) op\u00e9rations consistant notamment en la r\u00e9novation et l\u2019extension des r\u00e9seaux d\u2019AEP et d&rsquo;assainissement au niveau de certains vieux Ksour, la r\u00e9habilitation de la route traversant, \u00e0 int\u00e9rieur du tissu urbain, le trac\u00e9 souterrain de la foggara \u00ab\u00a0Bendraou\u00a0\u00bb, ainsi que l\u2019am\u00e9nagement et le rev\u00eatement en pelouse synth\u00e9tique des aires de jeux.<\/strong><\/em><\/p>\n<\/blockquote>\n<p>La r\u00e9alisation d\u2019un nouveau si\u00e8ge pour l\u2019APC, l\u2019\u00e9quipement d\u2019une annexe administrative, d\u2019un bureau postal au vieux Ksar Tagraft, la r\u00e9alisation d\u2019un march\u00e9 \u00e0 bestiaux, font \u00e9galement partie des op\u00e9rations retenues pour la commune d\u2019Aoulef.<\/p>\n<p>L\u2019on rel\u00e8ve \u00e9galement le lancement derni\u00e8rement des projets, inscrits au titre de la Caisse de solidarit\u00e9 et de garantie des collectivit\u00e9s locales (CSGCL), portant r\u00e9alisation des axes routiers, l\u2019am\u00e9nagement urbain des vieux Ksour de la commune, raccordement de l\u2019annexe administrative du vieux Ksar de Zaouiyet Ha\u00efnoune au r\u00e9seau de fibres optiques par souci d\u2019am\u00e9liorer le service public.<\/p>\n<p>Ceci, en plus d\u2019autres projets de r\u00e9alisation d\u2019un stade polyvalent, d\u2019un parcours d\u2019athl\u00e9tisme, la viabilisation et rev\u00eatement en tartan du terrain du stade communal de football, retenus pour le secteur de la jeunesse et des sports.<\/p>\n<blockquote readability=\"14\">\n<p><em><strong>La commune d\u2019Aoulef a, pour sa part, b\u00e9n\u00e9fici\u00e9 d\u2019un projet sp\u00e9cial pour le d\u00e9veloppement des zones d\u2019ombre consistant en le raccordement de 3.500 foyers au r\u00e9seau de gaz naturel, en sus de l\u2019inscription d\u2019une op\u00e9ration d\u2019alimentation en \u00e9nergie \u00e9lectrique de 60 foyers localis\u00e9s au niveau de huit (8) vieux Ksour, ainsi que le raccordement de trois (3) p\u00e9rim\u00e8tres agricoles, vastes de 514 ha, au r\u00e9seau d\u2019\u00e9lectrification agricole.<\/strong><\/em><\/p>\n<\/blockquote>\n<p>Pour la commune de Timegtane, elle a b\u00e9n\u00e9fici\u00e9 elle, des projets de r\u00e9alisation de quatre salles de cours \u00e0 l\u2019\u00e9cole primaire sise au quartier \u00ab\u00a0AbouNouar\u00e9, l\u2019alimentation du vieux Ksar Zaouiyet Moulay Hiba en gaz naturel, le lancement d\u2019une tranche du projet de d\u00e9senclavement, sur une distance de 36 km, des zones d\u2019ombre des deux vieux Ksour Matariouane et Ain-Belbel, et l\u2019am\u00e9nagement des salles de soins y existantes.<\/p>\n<p>Toutes ces op\u00e9rations s\u2019assignent comme objectifs l\u2019am\u00e9lioration des conditions de vie des populations locales de ce territoire aux importantes potentialit\u00e9s \u00e9conomiques prometteuses, agricoles, industrielles et touristiques, et constituant un point de transit n\u00e9vralgique \u00e0 destination de la wilaya d\u00e9l\u00e9gu\u00e9e d\u2019In-Salah, wilaya de Tamanrasset, ont indiqu\u00e9 les responsables de la wilaya d\u2019Adrar.<\/p>\n<\/div>\n<p>Auteur:<br \/>\n<a href=\"http:\/\/www.aps.dz\/regions\/112446-adrar-des-projets-retenus-pour-les-communes-et-zones-d-ombre-de-la-daira-d-aoulef\">Cliquez ici pour lire l&rsquo;article depuis sa source.<\/a><\/p>\n","protected":false},"excerpt":{"rendered":"<p>ADRAR &#8211; La da\u00efra d\u2019Aoulef, situ\u00e9e dans le territoire de Tidikelt (250 km Est d\u2019Adrar), s\u2019est vu accorder une s\u00e9rie de projets de d\u00e9veloppement, tous secteurs confondus, retenus pour ses quatre communes et zones d\u2019ombre, susceptibles de contribuer \u00e0 l\u2019am\u00e9lioration des conditions de vie de la population locale, a-t-on appris des responsables de la wilaya [&hellip;]<\/p>\n","protected":false},"author":1790,"featured_media":0,"comment_status":"closed","ping_status":"closed","sticky":false,"template":"","format":"standard","meta":{"fifu_image_url":"","fifu_image_alt":"","footnotes":""},"categories":[53,76],"tags":[],"class_list":["post-103987","post","type-post","status-publish","format-standard","hentry","category-algerie","category-regions"],"_links":{"self":[{"href":"https:\/\/linitiative.ca\/International\/wp-json\/wp\/v2\/posts\/103987","targetHints":{"allow":["GET"]}}],"collection":[{"href":"https:\/\/linitiative.ca\/International\/wp-json\/wp\/v2\/posts"}],"about":[{"href":"https:\/\/linitiative.ca\/International\/wp-json\/wp\/v2\/types\/post"}],"author":[{"embeddable":true,"href":"https:\/\/linitiative.ca\/International\/wp-json\/wp\/v2\/users\/1790"}],"replies":[{"embeddable":true,"href":"https:\/\/linitiative.ca\/International\/wp-json\/wp\/v2\/comments?post=103987"}],"version-history":[{"count":0,"href":"https:\/\/linitiative.ca\/International\/wp-json\/wp\/v2\/posts\/103987\/revisions"}],"wp:attachment":[{"href":"https:\/\/linitiative.ca\/International\/wp-json\/wp\/v2\/media?parent=103987"}],"wp:term":[{"taxonomy":"category","embeddable":true,"href":"https:\/\/linitiative.ca\/International\/wp-json\/wp\/v2\/categories?post=103987"},{"taxonomy":"post_tag","embeddable":true,"href":"https:\/\/linitiative.ca\/International\/wp-json\/wp\/v2\/tags?post=103987"}],"curies":[{"name":"wp","href":"https:\/\/api.w.org\/{rel}","templated":true}]}}