{"id":103989,"date":"2020-11-07T13:42:09","date_gmt":"2020-11-07T18:42:09","guid":{"rendered":"https:\/\/linitiative.ca\/International\/le-parcours-militant-de-ziane-achour-source-dinspiration-pour-les-generations\/"},"modified":"2020-11-07T13:42:09","modified_gmt":"2020-11-07T18:42:09","slug":"le-parcours-militant-de-ziane-achour-source-dinspiration-pour-les-generations","status":"publish","type":"post","link":"https:\/\/linitiative.ca\/International\/le-parcours-militant-de-ziane-achour-source-dinspiration-pour-les-generations\/","title":{"rendered":"Le parcours militant de Ziane Achour, \u00ab\u00a0source d\u2019inspiration pour les g\u00e9n\u00e9rations\u00a0\u00bb"},"content":{"rendered":"<div readability=\"36\">\n<p><strong>BISKRA &#8211; Le parcours militant de Ziane Achour constitue \u00ab\u00a0une source d\u2019inspiration des valeurs de nationalisme et de patriotisme pour les g\u00e9n\u00e9rations\u00a0\u00bb, ont consid\u00e9r\u00e9 samedi les participants aux activit\u00e9s comm\u00e9moratives du 64\u00e8me anniversaire de la mort de cet h\u00e9ros tenues au village El Beyadh dans la commune de Besb\u00e8s (180 km \u00e0 l\u2019Ouest de Biskra).<\/strong><\/p>\n<\/div>\n<div readability=\"67\">\n<p>Le militantisme de cet h\u00e9ros \u00e0 l\u2019int\u00e9rieur et l\u2019ext\u00e9rieur du pays avant et durant la glorieuse r\u00e9volution lib\u00e9ratrice jusqu\u2019\u00e0 sa mort au champ d\u2019honneur \u00ab\u00a0doit inspirer les jeunes d\u2019aujourd\u2019hui\u00a0\u00bb, a consid\u00e9r\u00e9 le pr\u00e9sident de l\u2019Association 1er novembre 1954, le moudjahid, Bachir Zagher.<\/p>\n<p>Il a \u00e9galement rappel\u00e9 que Mostefa Benboula\u00efd disait \u00e0 propos d\u2019Achour Ziane qui avait pris en charge l\u2019organisation de la r\u00e9volution dans les r\u00e9gions du Sahara \u00ab\u00a0c\u2019est l\u2019homme sur lequel l\u2019on compte dans le Sahara\u00a0\u00bb.<\/p>\n<p>Ce moudjahid a ajout\u00e9 que Ziane surnomm\u00e9 \u00ab\u00a0le lion du Sahara\u00a0\u00bb sillonnait courageusement le Sahara pour le recrutement de moudjahidine et avait r\u00e9ussi \u00e0 former une arm\u00e9e forte compos\u00e9e des moudjahidine de diverses r\u00e9gions tout en assurant l\u2019armement et l\u2019approvisionnement jusqu\u2019\u00e0 sa mort au champ d\u2019honneur dans la bataille Oued Khelfoun le 7 novembre 1956 pr\u00e8s du mont Thameur de Boussa\u00e2da.<\/p>\n<p>De son c\u00f4t\u00e9, le secr\u00e9taire de wilaya de l\u2019Organisation nationale des moudjahidine (ONM), Ali Allia, a affirm\u00e9 que le nom de Ziane Achour reste \u00e0 tous jamais attach\u00e9 \u00e0 l\u2019histoire du militantisme dans la r\u00e9gion.<\/p>\n<p>Ziane Achour qui jouissait du respect des chefs de la r\u00e9volution et des notables de la r\u00e9gion avait r\u00e9ussi \u00e0 recruter pr\u00e8s de 1.200 combattants ayant compos\u00e9 l\u2019arm\u00e9e qu\u2019il dirigeait, a soulign\u00e9 de son c\u00f4t\u00e9 Driss Ghacha, pr\u00e9sident de l\u2019Association \u00ab\u00a0jeunesse intellectuelle d\u2019Ouled Djellal\u00a0\u00bb.<\/p>\n<p>La comm\u00e9moration qui s\u2019est d\u00e9roul\u00e9e en pr\u00e9sence des autorit\u00e9s locales, de repr\u00e9sentants de la famille r\u00e9volutionnaire et de jeunes a donn\u00e9 lieu \u00e0 l\u2019entonnement de l\u2019hymne national et la lecture de la Fatiha \u00e0 la m\u00e9moire des chouhada ainsi qu\u2019\u00e0 la visite de la st\u00e8le comm\u00e9morative \u00e9rig\u00e9e en hommage au chahid Ziane Achour au village El Beyadh.<\/p>\n<\/div>\n<p>Auteur:<br \/>\n<a href=\"http:\/\/www.aps.dz\/regions\/112453-le-parcours-militant-de-ziane-achour-source-d-inspiration-pour-les-generations\">Cliquez ici pour lire l&rsquo;article depuis sa source.<\/a><\/p>\n","protected":false},"excerpt":{"rendered":"<p>BISKRA &#8211; Le parcours militant de Ziane Achour constitue \u00ab\u00a0une source d\u2019inspiration des valeurs de nationalisme et de patriotisme pour les g\u00e9n\u00e9rations\u00a0\u00bb, ont consid\u00e9r\u00e9 samedi les participants aux activit\u00e9s comm\u00e9moratives du 64\u00e8me anniversaire de la mort de cet h\u00e9ros tenues au village El Beyadh dans la commune de Besb\u00e8s (180 km \u00e0 l\u2019Ouest de Biskra). [&hellip;]<\/p>\n","protected":false},"author":1790,"featured_media":0,"comment_status":"closed","ping_status":"closed","sticky":false,"template":"","format":"standard","meta":{"fifu_image_url":"","fifu_image_alt":"","footnotes":""},"categories":[53,76],"tags":[],"class_list":["post-103989","post","type-post","status-publish","format-standard","hentry","category-algerie","category-regions"],"_links":{"self":[{"href":"https:\/\/linitiative.ca\/International\/wp-json\/wp\/v2\/posts\/103989","targetHints":{"allow":["GET"]}}],"collection":[{"href":"https:\/\/linitiative.ca\/International\/wp-json\/wp\/v2\/posts"}],"about":[{"href":"https:\/\/linitiative.ca\/International\/wp-json\/wp\/v2\/types\/post"}],"author":[{"embeddable":true,"href":"https:\/\/linitiative.ca\/International\/wp-json\/wp\/v2\/users\/1790"}],"replies":[{"embeddable":true,"href":"https:\/\/linitiative.ca\/International\/wp-json\/wp\/v2\/comments?post=103989"}],"version-history":[{"count":0,"href":"https:\/\/linitiative.ca\/International\/wp-json\/wp\/v2\/posts\/103989\/revisions"}],"wp:attachment":[{"href":"https:\/\/linitiative.ca\/International\/wp-json\/wp\/v2\/media?parent=103989"}],"wp:term":[{"taxonomy":"category","embeddable":true,"href":"https:\/\/linitiative.ca\/International\/wp-json\/wp\/v2\/categories?post=103989"},{"taxonomy":"post_tag","embeddable":true,"href":"https:\/\/linitiative.ca\/International\/wp-json\/wp\/v2\/tags?post=103989"}],"curies":[{"name":"wp","href":"https:\/\/api.w.org\/{rel}","templated":true}]}}