{"id":103990,"date":"2020-11-07T13:45:31","date_gmt":"2020-11-07T18:45:31","guid":{"rendered":"https:\/\/linitiative.ca\/International\/oran-traitement-anticipe-des-champs-dorangers-contre-la-ceratite\/"},"modified":"2020-11-07T13:45:31","modified_gmt":"2020-11-07T18:45:31","slug":"oran-traitement-anticipe-des-champs-dorangers-contre-la-ceratite","status":"publish","type":"post","link":"https:\/\/linitiative.ca\/International\/oran-traitement-anticipe-des-champs-dorangers-contre-la-ceratite\/","title":{"rendered":"Oran: traitement anticip\u00e9 des champs d\u2019orangers contre la c\u00e9ratite"},"content":{"rendered":"<div readability=\"36\">\n<p><strong>ORAN &#8211; Des producteurs d\u2019agrumes (oranges) d\u2019Oran ont r\u00e9ussi \u00e0 mettre un terme aux nuisances de l\u2019insecte de la M\u00e9diterran\u00e9e (c\u00e9ratite) qui menace les champs d\u2019arbres fruitiers en g\u00e9n\u00e9ral \u00e0 un traitement anticip\u00e9, a-t-on appris aupr\u00e8s de la station r\u00e9gionale de protection v\u00e9g\u00e9tale de Misserghine.<\/strong><\/p>\n<\/div>\n<div readability=\"68.238720872583\">\n<p>Ils sont parvenus \u00e0 emp\u00eacher la prolif\u00e9ration de la c\u00e9ratite, appel\u00e9e aussi \u00ab\u00a0mouche des fruits\u00a0\u00bb, en tirant la sonnette d&rsquo;alarme sur ce parasite et en proc\u00e9dant \u00e0 un traitement imm\u00e9diat pour \u00e9viter des pertes et r\u00e9aliser une production qualitative et quantitative, a indiqu\u00e9 de la directrice de la station, Mme Bekri.<\/p>\n<p>A chaque saison, la c\u00e9ratite appara\u00eet dans les champs d\u2019orangers, mais les agriculteurs interviennent apr\u00e8s que les fruits sont infect\u00e9s. Les cadres de la station ont anticip\u00e9 cette saison et sont intervenus avant la prolif\u00e9ration du parasite, a-t-elle fait savoir, soulignant que les tourn\u00e9es d\u2019inspection \u00e0 travers les champs d\u2019agrumes d\u2019Oran ne font part d&rsquo;aucune perte \u00e0 cause de cet insecte qui a \u00e9t\u00e9 ma\u00eetris\u00e9 avant et que les oranges en vente dans les march\u00e9s sont saines.<\/p>\n<blockquote readability=\"12\">\n<p><em><strong>Pour emp\u00eacher la prolif\u00e9ration de ce parasite, la station a lanc\u00e9 une alerte agricole \u00e0 la mi septembre dernier, ce qui a permis aux agriculteurs de prendre les pr\u00e9cautions n\u00e9cessaires et tendre des pi\u00e8ges au niveau de la for\u00eat de Boutl\u00e9lis, de Misserghine et de M\u2019sila, selon la m\u00eame responsable.<\/strong><\/em><\/p>\n<\/blockquote>\n<hr\/>\n<h3>Lire aussi:\u00a0<a href=\"http:\/\/www.aps.dz\/regions\/96053-oran-la-labellisation-de-l-orange-clementine-de-misserghine-en-voie-de-concretisation\" target=\"_blank\" rel=\"noopener noreferrer\">Oran: la labellisation de l\u2019orange \u00ab\u00a0Cl\u00e9mentine\u00a0\u00bb de Misserghine en voie de concr\u00e9tisation<\/a><\/h3>\n<hr\/>\n<p>Apr\u00e8s constat, la station a inform\u00e9 les agriculteurs du traitement imm\u00e9diat par l&rsquo;utilisation de l&rsquo;insecticide homologu\u00e9, tout en organisant des actions de sensibilisation des producteurs et une \u00e9mission sur les ondes de la Radio d&rsquo;Oran.<\/p>\n<p>A titre pr\u00e9ventif, la m\u00eame station a pr\u00e9sent\u00e9 un programme d&rsquo;intervention de traitement m\u00e9canique apr\u00e8s la cueillette des oranges pour \u00e9liminer le cocon de mouche pr\u00e9sent dans le sol, a-t-on fait savoir.<\/p>\n<p>La Direction des services agricoles (DSA) d\u2019Oran pr\u00e9voit une production, cette saison, de 40.754 quintaux d\u2019oranges de diff\u00e9rentes vari\u00e9t\u00e9s sur une superficie de 369 hectares dont 159 ha r\u00e9serv\u00e9s \u00e0 la Cl\u00e9mentine contre 32.200 qx d\u2019oranges sur une surface de 245 ha \u00e0 la saison de l&rsquo;ann\u00e9e pr\u00e9c\u00e9dente.<\/p>\n<\/div>\n<p>Auteur:<br \/>\n<a href=\"http:\/\/www.aps.dz\/regions\/112454-oran-traitement-anticipe-des-champs-d-orangers-contre-la-ceratite\">Cliquez ici pour lire l&rsquo;article depuis sa source.<\/a><\/p>\n","protected":false},"excerpt":{"rendered":"<p>ORAN &#8211; Des producteurs d\u2019agrumes (oranges) d\u2019Oran ont r\u00e9ussi \u00e0 mettre un terme aux nuisances de l\u2019insecte de la M\u00e9diterran\u00e9e (c\u00e9ratite) qui menace les champs d\u2019arbres fruitiers en g\u00e9n\u00e9ral \u00e0 un traitement anticip\u00e9, a-t-on appris aupr\u00e8s de la station r\u00e9gionale de protection v\u00e9g\u00e9tale de Misserghine. Ils sont parvenus \u00e0 emp\u00eacher la prolif\u00e9ration de la c\u00e9ratite, [&hellip;]<\/p>\n","protected":false},"author":1790,"featured_media":0,"comment_status":"closed","ping_status":"closed","sticky":false,"template":"","format":"standard","meta":{"fifu_image_url":"","fifu_image_alt":"","footnotes":""},"categories":[53,76],"tags":[],"class_list":["post-103990","post","type-post","status-publish","format-standard","hentry","category-algerie","category-regions"],"_links":{"self":[{"href":"https:\/\/linitiative.ca\/International\/wp-json\/wp\/v2\/posts\/103990","targetHints":{"allow":["GET"]}}],"collection":[{"href":"https:\/\/linitiative.ca\/International\/wp-json\/wp\/v2\/posts"}],"about":[{"href":"https:\/\/linitiative.ca\/International\/wp-json\/wp\/v2\/types\/post"}],"author":[{"embeddable":true,"href":"https:\/\/linitiative.ca\/International\/wp-json\/wp\/v2\/users\/1790"}],"replies":[{"embeddable":true,"href":"https:\/\/linitiative.ca\/International\/wp-json\/wp\/v2\/comments?post=103990"}],"version-history":[{"count":0,"href":"https:\/\/linitiative.ca\/International\/wp-json\/wp\/v2\/posts\/103990\/revisions"}],"wp:attachment":[{"href":"https:\/\/linitiative.ca\/International\/wp-json\/wp\/v2\/media?parent=103990"}],"wp:term":[{"taxonomy":"category","embeddable":true,"href":"https:\/\/linitiative.ca\/International\/wp-json\/wp\/v2\/categories?post=103990"},{"taxonomy":"post_tag","embeddable":true,"href":"https:\/\/linitiative.ca\/International\/wp-json\/wp\/v2\/tags?post=103990"}],"curies":[{"name":"wp","href":"https:\/\/api.w.org\/{rel}","templated":true}]}}