{"id":103992,"date":"2020-11-07T11:00:00","date_gmt":"2020-11-07T16:00:00","guid":{"rendered":"https:\/\/linitiative.ca\/International\/le-gouvernement-autrichien-ferme-des-mosquees-radicales\/"},"modified":"2020-11-07T11:00:00","modified_gmt":"2020-11-07T16:00:00","slug":"le-gouvernement-autrichien-ferme-des-mosquees-radicales","status":"publish","type":"post","link":"https:\/\/linitiative.ca\/International\/le-gouvernement-autrichien-ferme-des-mosquees-radicales\/","title":{"rendered":"Le gouvernement autrichien ferme des mosqu\u00e9es radicales"},"content":{"rendered":"<p class=\"p1 c3\"><span class=\"c2\">Des mosqu\u00e9es \u00ab\u00a0radicales\u00a0\u00bb seront ferm\u00e9es sur ordre du gouvernement autrichien, quelques jours apr\u00e8s l&rsquo;attentat qui a fait quatre morts. Le chancelier conservateur Sebastian Kurz s&rsquo;est dit d\u00e9termin\u00e9 \u00e0 combattre l'\u00a0\u00bbislam politique\u00a0\u00bb, une \u00ab\u00a0id\u00e9ologie\u00a0\u00bb qui repr\u00e9sente un \u00ab\u00a0danger\u00a0\u00bb pour le \u00ab\u00a0mod\u00e8le de vie europ\u00e9en\u00a0\u00bb.<\/span><\/p>\n<p class=\"p1 c3\"><span class=\"c2\">Le\u00a0gouvernement autrichien\u00a0a ordonn\u00e9 la fermeture de \u00ab\u00a0mosqu\u00e9es radicales\u00a0\u00bb, quatre jours apr\u00e8s l&rsquo;attentat perp\u00e9tr\u00e9 \u00e0 Vienne par un sympathisant du groupe Etat islamique (EI), a-t-on appris hier aupr\u00e8s du minist\u00e8re de l&rsquo;Int\u00e9rieur. Le gouvernement donnera plus de d\u00e9tails sous peu, lors d&rsquo;une conf\u00e9rence de presse de la ministre des Cultes et de l&rsquo;Int\u00e9gration, Susanne Raab, et du ministre de l&rsquo;Int\u00e9rieur, Karl Nehammer. Dans un communiqu\u00e9, l&rsquo;IGG\u00d6, la principale organisation repr\u00e9sentant les musulmans, qui g\u00e8re 360 mosqu\u00e9es, a confirm\u00e9 avoir proc\u00e9d\u00e9 \u00e0 la fermeture d&rsquo;un lieu de culte qui \u00ab\u00a0violait sa doctrine\u00a0\u00bb.<\/span><\/p>\n<p class=\"p1 c3\"><span class=\"c2\">\u00ab\u00a0La libert\u00e9 est un bien pr\u00e9cieux dans notre pays, que nous devons prot\u00e9ger contre les abus, y compris quand ils \u00e9manent\u00a0de nos rangs\u00a0\u00bb, a comment\u00e9 son pr\u00e9sident \u00dcmit Vural. Au lendemain de\u00a0l&rsquo;attentat qui a fait quatre morts\u00a0en plein centre de la capitale, le chancelier conservateur Sebastian Kurz avait affich\u00e9 sa d\u00e9termination \u00e0 lutter contre l'\u00a0\u00bbislam politique\u00a0\u00bb, une \u00ab\u00a0id\u00e9ologie\u00a0\u00bb qui repr\u00e9sente un \u00ab\u00a0danger\u00a0\u00bb pour le \u00ab\u00a0mod\u00e8le de vie europ\u00e9en\u00a0\u00bb.<\/span><\/p>\n<p class=\"p2 c4\">\u00a0<\/p>\n<p class=\"p3 c5\"><span class=\"c2\"><strong>S\u00e9rie de perquisitions en Allemagne<\/strong><\/span><\/p>\n<p class=\"p1 c3\"><span class=\"c2\">Des perquisitions ont \u00e9t\u00e9 lanc\u00e9es hier dans des logements et des bureaux en Allemagne, en lien avec l&rsquo;enqu\u00eate sur l&rsquo;attentat islamiste de Vienne, a annonc\u00e9 la police.<\/span><\/p>\n<p class=\"p1 c3\"><span class=\"c2\">Les recherches se d\u00e9roulent dans trois localit\u00e9s du nord-ouest du pays, Osnabr\u00fcck, Kassel et Pinneberg, \u00e0 l&rsquo;int\u00e9rieur de locaux appartenant \u00e0 des personnes qui \u00ab\u00a0ne sont pas soup\u00e7onn\u00e9es d&rsquo;\u00eatre impliqu\u00e9es dans l&rsquo;attaque\u00a0\u00bb, a indiqu\u00e9 l&rsquo;office f\u00e9d\u00e9ral de la police criminelle allemande sur Twitter.<\/span><\/p>\n<p class=\"p1 c3\"><span class=\"c2\">Les autorit\u00e9s pr\u00e9cisent qu'\u00a0\u00bbil peut y avoir des liens avec l&rsquo;assassin pr\u00e9sum\u00e9\u00a0\u00bb.\u00a0<\/span><\/p>\n<p class=\"p1 c3\"><span class=\"c2\">\u00ab\u00a0Les investigations sont destin\u00e9es \u00e0 d\u00e9couvrir d&rsquo;\u00e9ventuels \u00e9l\u00e9ments de preuve\u00a0\u00bb, a ajout\u00e9 en milieu de matin\u00e9e la police criminelle dans un nouveau tweet, \u00e9voquant \u00ab\u00a0deux personnes qui auraient rencontr\u00e9 le suspect \u00e0 Vienne en juillet 2020\u00a0\u00bb.<\/span><\/p>\n<p class=\"p1 c3\"><span class=\"c2\">L&rsquo;op\u00e9ration a \u00e9t\u00e9 lanc\u00e9e sur requ\u00eate des autorit\u00e9s autrichiennes, a pr\u00e9cis\u00e9 la m\u00eame source, qui ne souhaite pas fournir plus de d\u00e9tails, \u00ab\u00a0compte tenu des enqu\u00eates en cours\u00a0\u00bb.<\/span><\/p>\n<p class=\"p1 c3\"><span class=\"c2\">Selon le magazine allemand Spiegel, l&rsquo;assaillant, un Austro-Mac\u00e9donien de 20 ans, avait nou\u00e9 des contacts en Allemagne quand il avait tent\u00e9 de rejoindre la Syrie en 2018 pour rallier les rangs des combattants du groupe Etat islamique (EI).<\/span><\/p>\n<p class=\"p1 c3\"><span class=\"c2\">Des investigations sont \u00e9galement men\u00e9es en Suisse, o\u00f9 deux hommes de 18 et 24 ans ont \u00e9t\u00e9 interpell\u00e9s cette semaine. Ils \u00e9taient connus de la justice pour des proc\u00e9dures p\u00e9nales li\u00e9es au terrorisme.<\/span><\/p>\n<p class=\"p1 c3\"><span class=\"c2\">L&rsquo;homme de vingt ans, Kujtim Fejzulai, qui a ouvert le feu lundi soir en plein centre-ville de la capitale autrichienne a tu\u00e9 4 personnes et fait plusieurs bless\u00e9s.<\/span><\/p>\n<p>Auteur: letemps1<br \/>\n<a href=\"http:\/\/www.letemps.com.tn\/article\/117977\/le-gouvernement-autrichien-ferme-des-mosqu%C3%A9es-radicales\">Cliquez ici pour lire l&rsquo;article depuis sa source.<\/a><\/p>\n","protected":false},"excerpt":{"rendered":"<p>Des mosqu\u00e9es \u00ab\u00a0radicales\u00a0\u00bb seront ferm\u00e9es sur ordre du gouvernement autrichien, quelques jours apr\u00e8s l&rsquo;attentat qui a fait quatre morts. Le chancelier conservateur Sebastian Kurz s&rsquo;est dit d\u00e9termin\u00e9 \u00e0 combattre l&rsquo;\u00a0\u00bbislam politique\u00a0\u00bb, une \u00ab\u00a0id\u00e9ologie\u00a0\u00bb qui repr\u00e9sente un \u00ab\u00a0danger\u00a0\u00bb pour le \u00ab\u00a0mod\u00e8le de vie europ\u00e9en\u00a0\u00bb. Le\u00a0gouvernement autrichien\u00a0a ordonn\u00e9 la fermeture de \u00ab\u00a0mosqu\u00e9es radicales\u00a0\u00bb, quatre jours apr\u00e8s l&rsquo;attentat [&hellip;]<\/p>\n","protected":false},"author":1773,"featured_media":0,"comment_status":"closed","ping_status":"closed","sticky":false,"template":"","format":"standard","meta":{"fifu_image_url":"","fifu_image_alt":"","footnotes":""},"categories":[73,55],"tags":[],"class_list":["post-103992","post","type-post","status-publish","format-standard","hentry","category-actualite","category-tunisie"],"_links":{"self":[{"href":"https:\/\/linitiative.ca\/International\/wp-json\/wp\/v2\/posts\/103992","targetHints":{"allow":["GET"]}}],"collection":[{"href":"https:\/\/linitiative.ca\/International\/wp-json\/wp\/v2\/posts"}],"about":[{"href":"https:\/\/linitiative.ca\/International\/wp-json\/wp\/v2\/types\/post"}],"author":[{"embeddable":true,"href":"https:\/\/linitiative.ca\/International\/wp-json\/wp\/v2\/users\/1773"}],"replies":[{"embeddable":true,"href":"https:\/\/linitiative.ca\/International\/wp-json\/wp\/v2\/comments?post=103992"}],"version-history":[{"count":0,"href":"https:\/\/linitiative.ca\/International\/wp-json\/wp\/v2\/posts\/103992\/revisions"}],"wp:attachment":[{"href":"https:\/\/linitiative.ca\/International\/wp-json\/wp\/v2\/media?parent=103992"}],"wp:term":[{"taxonomy":"category","embeddable":true,"href":"https:\/\/linitiative.ca\/International\/wp-json\/wp\/v2\/categories?post=103992"},{"taxonomy":"post_tag","embeddable":true,"href":"https:\/\/linitiative.ca\/International\/wp-json\/wp\/v2\/tags?post=103992"}],"curies":[{"name":"wp","href":"https:\/\/api.w.org\/{rel}","templated":true}]}}