{"id":103993,"date":"2020-11-07T11:00:00","date_gmt":"2020-11-07T16:00:00","guid":{"rendered":"https:\/\/linitiative.ca\/International\/le-portugal-avec-ronaldo-mais-sans-pepe-face-a-la-france\/"},"modified":"2020-11-07T11:00:00","modified_gmt":"2020-11-07T16:00:00","slug":"le-portugal-avec-ronaldo-mais-sans-pepe-face-a-la-france","status":"publish","type":"post","link":"https:\/\/linitiative.ca\/International\/le-portugal-avec-ronaldo-mais-sans-pepe-face-a-la-france\/","title":{"rendered":"Le Portugal avec Ronaldo, mais sans Pepe face \u00e0 la France"},"content":{"rendered":"<p class=\"p1 c3\"><span class=\"c2\">En Ligue des nations, le Portugal sera avec Ronaldo, mais sans Pepe, contre la France et la Croatie.<\/span><\/p>\n<p class=\"p1 c3\"><span class=\"c2\">De retour sur les terrains d\u2019Italie\u00a0et d\u203aEurope apr\u00e8s sa quarantaine pour cause de Covid_19, Cristiano Ronaldo a \u00e9t\u00e9 convoqu\u00e9 jeudi avec l\u203a\u00e9quipe du\u00a0Portugal.<\/span><\/p>\n<p class=\"p1 c3\"><span class=\"c2\">L\u2019\u00e9quipe coach\u00e9e par Fernando Santos sera\u00a0en revanche sera priv\u00e9e de Pepe, bless\u00e9, pour affronter Andorre mercredi en amical, puis la\u00a0France\u00a0et la\u00a0Croatie\u00a0en Ligue des nations.<\/span><\/p>\n<p class=\"p1 c3\"><span class=\"c2\">L\u2019ancien d\u00e9fenseur du\u00a0Real Madrid, touch\u00e9\u00a0au pied, est le grand absent de la liste lusitanienne pour les trois rencontres internationales de novembre, lui qui vient de prolonger avec son club de Porto\u00a0jusqu\u2019en 2023.<\/span><\/p>\n<p class=\"p1 c3\"><span class=\"c2\">\u00abC\u2019est un exemple pour les plus jeunes \u00e0 l\u2019entra\u00eenement et dans l\u2019attitude (&#8230;). C\u2019est dommage qu\u2019il ne soit pas l\u00e0 car en temps normal c\u2019est un titulaire de la s\u00e9lection\u00bb, a ainsi regrett\u00e9 le s\u00e9lectionneur portugais lors de son passage devant les m\u00e9dias.<\/span><\/p>\n<p>Auteur: letemps1<br \/>\n<a href=\"http:\/\/www.letemps.com.tn\/article\/117978\/le-portugal-avec-ronaldo-mais-sans-pepe-face-%C3%A0-la-france\">Cliquez ici pour lire l&rsquo;article depuis sa source.<\/a><\/p>\n","protected":false},"excerpt":{"rendered":"<p>En Ligue des nations, le Portugal sera avec Ronaldo, mais sans Pepe, contre la France et la Croatie. De retour sur les terrains d\u2019Italie\u00a0et d\u203aEurope apr\u00e8s sa quarantaine pour cause de Covid_19, Cristiano Ronaldo a \u00e9t\u00e9 convoqu\u00e9 jeudi avec l\u203a\u00e9quipe du\u00a0Portugal. L\u2019\u00e9quipe coach\u00e9e par Fernando Santos sera\u00a0en revanche sera priv\u00e9e de Pepe, bless\u00e9, pour affronter [&hellip;]<\/p>\n","protected":false},"author":1773,"featured_media":0,"comment_status":"closed","ping_status":"closed","sticky":false,"template":"","format":"standard","meta":{"fifu_image_url":"","fifu_image_alt":"","footnotes":""},"categories":[73,55],"tags":[],"class_list":["post-103993","post","type-post","status-publish","format-standard","hentry","category-actualite","category-tunisie"],"_links":{"self":[{"href":"https:\/\/linitiative.ca\/International\/wp-json\/wp\/v2\/posts\/103993","targetHints":{"allow":["GET"]}}],"collection":[{"href":"https:\/\/linitiative.ca\/International\/wp-json\/wp\/v2\/posts"}],"about":[{"href":"https:\/\/linitiative.ca\/International\/wp-json\/wp\/v2\/types\/post"}],"author":[{"embeddable":true,"href":"https:\/\/linitiative.ca\/International\/wp-json\/wp\/v2\/users\/1773"}],"replies":[{"embeddable":true,"href":"https:\/\/linitiative.ca\/International\/wp-json\/wp\/v2\/comments?post=103993"}],"version-history":[{"count":0,"href":"https:\/\/linitiative.ca\/International\/wp-json\/wp\/v2\/posts\/103993\/revisions"}],"wp:attachment":[{"href":"https:\/\/linitiative.ca\/International\/wp-json\/wp\/v2\/media?parent=103993"}],"wp:term":[{"taxonomy":"category","embeddable":true,"href":"https:\/\/linitiative.ca\/International\/wp-json\/wp\/v2\/categories?post=103993"},{"taxonomy":"post_tag","embeddable":true,"href":"https:\/\/linitiative.ca\/International\/wp-json\/wp\/v2\/tags?post=103993"}],"curies":[{"name":"wp","href":"https:\/\/api.w.org\/{rel}","templated":true}]}}