{"id":103995,"date":"2020-11-07T11:00:00","date_gmt":"2020-11-07T16:00:00","guid":{"rendered":"https:\/\/linitiative.ca\/International\/di-maria-de-retour-en-selection-argentine\/"},"modified":"2020-11-07T11:00:00","modified_gmt":"2020-11-07T16:00:00","slug":"di-maria-de-retour-en-selection-argentine","status":"publish","type":"post","link":"https:\/\/linitiative.ca\/International\/di-maria-de-retour-en-selection-argentine\/","title":{"rendered":"Di Maria de retour en s\u00e9lection argentine"},"content":{"rendered":"<p class=\"p1 c3\"><span class=\"c2\">Pour la premi\u00e8re fois depuis plus d\u2019un an, le s\u00e9lectionneur argentin Lionel Scaloni a convoqu\u00e9 Angel Di Maria pour les matches de qualification \u00e0 la Coupe du monde 2022 du mois de novembre<\/span><\/p>\n<p class=\"p1 c3\"><span class=\"c2\">. Absent de la s\u00e9lection argentine depuis la troisi\u00e8me place d\u00e9croch\u00e9e \u00e0 la Copa America \u00e0 l\u203a\u00e9t\u00e9 2019, Angel Di Maria a \u00e9t\u00e9 rappel\u00e9 par Lionel Scaloni pour les matches de qualification \u00e0 la Coupe du monde 2022 contre le Paraguay, le 12 novembre, et le P\u00e9rou, le 17.\u00a0<\/span><\/p>\n<p class=\"p1 c3\"><span class=\"c2\">L\u2019ailier du PSG (32 ans, 102 s\u00e9lections) sera accompagn\u00e9 par son co\u00e9quipier Leandro Paredes (26 ans, 26 s\u00e9lections), devenu un cadre de l\u2019Albiceleste depuis la Coupe du monde 2018.<\/span><\/p>\n<p class=\"p1 c3\"><span class=\"c2\"><span class=\"Apple-converted-space\">\u00a0<\/span>On notera aussi la nouvelle convocation de Facundo Medina, le d\u00e9fenseur de Lens (21 ans, 1 s\u00e9lection), qui a fait ses d\u00e9buts contre la Bolivie (2-1) le mois dernier.\u00a0<\/span><\/p>\n<p>Auteur: letemps1<br \/>\n<a href=\"http:\/\/www.letemps.com.tn\/article\/117980\/di-maria-de-retour-en-s%C3%A9lection-argentine\">Cliquez ici pour lire l&rsquo;article depuis sa source.<\/a><\/p>\n","protected":false},"excerpt":{"rendered":"<p>Pour la premi\u00e8re fois depuis plus d\u2019un an, le s\u00e9lectionneur argentin Lionel Scaloni a convoqu\u00e9 Angel Di Maria pour les matches de qualification \u00e0 la Coupe du monde 2022 du mois de novembre . Absent de la s\u00e9lection argentine depuis la troisi\u00e8me place d\u00e9croch\u00e9e \u00e0 la Copa America \u00e0 l\u203a\u00e9t\u00e9 2019, Angel Di Maria a [&hellip;]<\/p>\n","protected":false},"author":1773,"featured_media":0,"comment_status":"closed","ping_status":"closed","sticky":false,"template":"","format":"standard","meta":{"fifu_image_url":"","fifu_image_alt":"","footnotes":""},"categories":[73,55],"tags":[],"class_list":["post-103995","post","type-post","status-publish","format-standard","hentry","category-actualite","category-tunisie"],"_links":{"self":[{"href":"https:\/\/linitiative.ca\/International\/wp-json\/wp\/v2\/posts\/103995","targetHints":{"allow":["GET"]}}],"collection":[{"href":"https:\/\/linitiative.ca\/International\/wp-json\/wp\/v2\/posts"}],"about":[{"href":"https:\/\/linitiative.ca\/International\/wp-json\/wp\/v2\/types\/post"}],"author":[{"embeddable":true,"href":"https:\/\/linitiative.ca\/International\/wp-json\/wp\/v2\/users\/1773"}],"replies":[{"embeddable":true,"href":"https:\/\/linitiative.ca\/International\/wp-json\/wp\/v2\/comments?post=103995"}],"version-history":[{"count":0,"href":"https:\/\/linitiative.ca\/International\/wp-json\/wp\/v2\/posts\/103995\/revisions"}],"wp:attachment":[{"href":"https:\/\/linitiative.ca\/International\/wp-json\/wp\/v2\/media?parent=103995"}],"wp:term":[{"taxonomy":"category","embeddable":true,"href":"https:\/\/linitiative.ca\/International\/wp-json\/wp\/v2\/categories?post=103995"},{"taxonomy":"post_tag","embeddable":true,"href":"https:\/\/linitiative.ca\/International\/wp-json\/wp\/v2\/tags?post=103995"}],"curies":[{"name":"wp","href":"https:\/\/api.w.org\/{rel}","templated":true}]}}