{"id":103996,"date":"2020-11-07T11:00:00","date_gmt":"2020-11-07T16:00:00","guid":{"rendered":"https:\/\/linitiative.ca\/International\/hakimi-violemment-insulte-par-ramos\/"},"modified":"2020-11-07T11:00:00","modified_gmt":"2020-11-07T16:00:00","slug":"hakimi-violemment-insulte-par-ramos","status":"publish","type":"post","link":"https:\/\/linitiative.ca\/International\/hakimi-violemment-insulte-par-ramos\/","title":{"rendered":"Hakimi violemment insult\u00e9 par Ramos\u00a0!"},"content":{"rendered":"<p class=\"p1 c3\"><span class=\"c2\">Achraf Hakimi a \u00e9t\u00e9 tr\u00e8s violemment insult\u00e9 par le capitaine du Real Madrid et son ancien co\u00e9quipier, Sergio Ramos, mardi 3 novembre lors du match qui a oppos\u00e9 les deux \u00e9quipes \u00e0 l\u2019occasion de la 3e journ\u00e9e de la Ligue des Champions de l\u2019UEFA (3-2).<\/span><\/p>\n<p class=\"p1 c3\"><span class=\"c2\">Les faits se sont d\u00e9roul\u00e9s quand le Marocain est tomb\u00e9 dans la surface de r\u00e9paration madril\u00e8ne apr\u00e8s un contact avec Casemiro. Alors que l\u2019arri\u00e8re semblait touch\u00e9, le d\u00e9fenseur lui a l\u00e2ch\u00e9 la phrase suivante en le relevant:\u00a0\u00abL\u00e8ve-toi fils de p**** ! L\u00e8ve-toi ! La *** de ta m\u00e8re qui t\u2019a mise au monde. Arr\u00eate de crier comme un rat!\u00bb.<\/span><\/p>\n<p class=\"p1 c3\"><span class=\"c2\">Les deux joueurs auront l\u2019occasion de se retrouver, le 25 novembre, \u00e0 l\u2019occasion de la 4e journ\u00e9e de la comp\u00e9tition.<\/span><\/p>\n<p>Auteur: letemps1<br \/>\n<a href=\"http:\/\/www.letemps.com.tn\/article\/117981\/hakimi-violemment-insult%C3%A9-par-ramos%C2%A0\">Cliquez ici pour lire l&rsquo;article depuis sa source.<\/a><\/p>\n","protected":false},"excerpt":{"rendered":"<p>Achraf Hakimi a \u00e9t\u00e9 tr\u00e8s violemment insult\u00e9 par le capitaine du Real Madrid et son ancien co\u00e9quipier, Sergio Ramos, mardi 3 novembre lors du match qui a oppos\u00e9 les deux \u00e9quipes \u00e0 l\u2019occasion de la 3e journ\u00e9e de la Ligue des Champions de l\u2019UEFA (3-2). Les faits se sont d\u00e9roul\u00e9s quand le Marocain est tomb\u00e9 [&hellip;]<\/p>\n","protected":false},"author":1773,"featured_media":0,"comment_status":"closed","ping_status":"closed","sticky":false,"template":"","format":"standard","meta":{"fifu_image_url":"","fifu_image_alt":"","footnotes":""},"categories":[73,55],"tags":[],"class_list":["post-103996","post","type-post","status-publish","format-standard","hentry","category-actualite","category-tunisie"],"_links":{"self":[{"href":"https:\/\/linitiative.ca\/International\/wp-json\/wp\/v2\/posts\/103996","targetHints":{"allow":["GET"]}}],"collection":[{"href":"https:\/\/linitiative.ca\/International\/wp-json\/wp\/v2\/posts"}],"about":[{"href":"https:\/\/linitiative.ca\/International\/wp-json\/wp\/v2\/types\/post"}],"author":[{"embeddable":true,"href":"https:\/\/linitiative.ca\/International\/wp-json\/wp\/v2\/users\/1773"}],"replies":[{"embeddable":true,"href":"https:\/\/linitiative.ca\/International\/wp-json\/wp\/v2\/comments?post=103996"}],"version-history":[{"count":0,"href":"https:\/\/linitiative.ca\/International\/wp-json\/wp\/v2\/posts\/103996\/revisions"}],"wp:attachment":[{"href":"https:\/\/linitiative.ca\/International\/wp-json\/wp\/v2\/media?parent=103996"}],"wp:term":[{"taxonomy":"category","embeddable":true,"href":"https:\/\/linitiative.ca\/International\/wp-json\/wp\/v2\/categories?post=103996"},{"taxonomy":"post_tag","embeddable":true,"href":"https:\/\/linitiative.ca\/International\/wp-json\/wp\/v2\/tags?post=103996"}],"curies":[{"name":"wp","href":"https:\/\/api.w.org\/{rel}","templated":true}]}}