{"id":103997,"date":"2020-11-07T15:13:10","date_gmt":"2020-11-07T20:13:10","guid":{"rendered":"https:\/\/linitiative.ca\/International\/international-real-madrid-hazard-et-casemiro-positifs-au-covid-19\/"},"modified":"2020-11-07T15:13:10","modified_gmt":"2020-11-07T20:13:10","slug":"international-real-madrid-hazard-et-casemiro-positifs-au-covid-19","status":"publish","type":"post","link":"https:\/\/linitiative.ca\/International\/international-real-madrid-hazard-et-casemiro-positifs-au-covid-19\/","title":{"rendered":"International : Real Madrid: Hazard et Casemiro positifs au Covid-19"},"content":{"rendered":"<div readability=\"32\">\n<p>Auteur : <span class=\"time\">samedi 07 novembre 2020 13:47<\/span><\/p>\n<\/div>\n<div id=\"post_core\" readability=\"39\">\n<p>Le sort s&rsquo;acharne sur Eden Hazard. \u00c0 peine de retour \u00e0 la comp\u00e9tition, l&rsquo;ailier du Real Madrid va devoir observer un repos forc\u00e9 d&rsquo;au moins deux semaines. En effet, le club de la capitale espagnole a annonc\u00e9 que le Belge a \u00e9t\u00e9 contr\u00f4l\u00e9 positif au Covid-19. L&rsquo;ancien Lillois n&rsquo;est pas le seul joueur concern\u00e9 puisque le milieu de terrain Casemiro est \u00e9galement contamin\u00e9 rapporte Maxifoot.fr.<\/p>\n<p><strong>Publi\u00e9 dans :<\/strong> <span>Hazard<\/span> <span>Casemiro<\/span><\/p>\n<\/div>\n<p>Auteur:<br \/>\n<a href=\"http:\/\/www.lebuteur.com\/article\/detail?titre=real-madrid-hazard-et-casemiro-positifs-au-covid-19&#038;id=97865&#038;utm_source=feedburner&#038;utm_medium=feed&#038;utm_campaign=Feed%3A+GalerieFArtciles+%28Les+derniers+articles++-+lebuteur.com%29\">Cliquez ici pour lire l&rsquo;article depuis sa source.<\/a><\/p>\n","protected":false},"excerpt":{"rendered":"<p>Auteur : samedi 07 novembre 2020 13:47 Le sort s&rsquo;acharne sur Eden Hazard. \u00c0 peine de retour \u00e0 la comp\u00e9tition, l&rsquo;ailier du Real Madrid va devoir observer un repos forc\u00e9 d&rsquo;au moins deux semaines. En effet, le club de la capitale espagnole a annonc\u00e9 que le Belge a \u00e9t\u00e9 contr\u00f4l\u00e9 positif au Covid-19. L&rsquo;ancien Lillois [&hellip;]<\/p>\n","protected":false},"author":1738,"featured_media":103998,"comment_status":"closed","ping_status":"closed","sticky":false,"template":"","format":"standard","meta":{"fifu_image_url":"","fifu_image_alt":"","footnotes":""},"categories":[53,75],"tags":[],"class_list":["post-103997","post","type-post","status-publish","format-standard","has-post-thumbnail","hentry","category-algerie","category-sport"],"_links":{"self":[{"href":"https:\/\/linitiative.ca\/International\/wp-json\/wp\/v2\/posts\/103997","targetHints":{"allow":["GET"]}}],"collection":[{"href":"https:\/\/linitiative.ca\/International\/wp-json\/wp\/v2\/posts"}],"about":[{"href":"https:\/\/linitiative.ca\/International\/wp-json\/wp\/v2\/types\/post"}],"author":[{"embeddable":true,"href":"https:\/\/linitiative.ca\/International\/wp-json\/wp\/v2\/users\/1738"}],"replies":[{"embeddable":true,"href":"https:\/\/linitiative.ca\/International\/wp-json\/wp\/v2\/comments?post=103997"}],"version-history":[{"count":0,"href":"https:\/\/linitiative.ca\/International\/wp-json\/wp\/v2\/posts\/103997\/revisions"}],"wp:featuredmedia":[{"embeddable":true,"href":"https:\/\/linitiative.ca\/International\/wp-json\/"}],"wp:attachment":[{"href":"https:\/\/linitiative.ca\/International\/wp-json\/wp\/v2\/media?parent=103997"}],"wp:term":[{"taxonomy":"category","embeddable":true,"href":"https:\/\/linitiative.ca\/International\/wp-json\/wp\/v2\/categories?post=103997"},{"taxonomy":"post_tag","embeddable":true,"href":"https:\/\/linitiative.ca\/International\/wp-json\/wp\/v2\/tags?post=103997"}],"curies":[{"name":"wp","href":"https:\/\/api.w.org\/{rel}","templated":true}]}}