{"id":104002,"date":"2020-11-07T15:13:16","date_gmt":"2020-11-07T20:13:16","guid":{"rendered":"https:\/\/linitiative.ca\/International\/pros-serie-a-ounas-revient-sur-sa-premiere-titularisation-avec-cagliari\/"},"modified":"2020-11-07T15:13:16","modified_gmt":"2020-11-07T20:13:16","slug":"pros-serie-a-ounas-revient-sur-sa-premiere-titularisation-avec-cagliari","status":"publish","type":"post","link":"https:\/\/linitiative.ca\/International\/pros-serie-a-ounas-revient-sur-sa-premiere-titularisation-avec-cagliari\/","title":{"rendered":"Pros : Serie A : Ounas revient sur sa premi\u00e8re titularisation avec Cagliari"},"content":{"rendered":"<div readability=\"32\">\n<p>Auteur : <span class=\"time\">samedi 07 novembre 2020 20:01<\/span><\/p>\n<\/div>\n<div id=\"post_core\" readability=\"40\">\n<p>L&rsquo;international alg\u00e9rien a jou\u00e9 son premier match en tant que titulaire avec sa nouvelle \u00e9quipe de Cagliari. Une belle premi\u00e8re pour Ounas vu que son \u00e9quipe s&rsquo;est impos\u00e9e sur le score de 2-0. A l&rsquo;issue de la rencontre, le champion d&rsquo;Afrique a d\u00e9clar\u00e9 :<\/p>\n<p>\u00ab\u00a0Je suis content d&rsquo;avoir jou\u00e9 depuis l&rsquo;entame de la rencontre. Cela ne m&rsquo;\u00e9tait pas arriv\u00e9 depuis un bon moment. Je me sens bien parmi mes co\u00e9quipiers \u00e0 Cagliari. Le groupe travaille bien. C&rsquo;est bien de ne pas avoir conc\u00e9d\u00e9 de buts aujourd&rsquo;hui. Dommage pour le troisi\u00e8me but qui n&rsquo;a pas \u00e9t\u00e9 valid\u00e9\u00a0\u00bb.<\/p>\n<p><strong>Publi\u00e9 dans :<\/strong> <span>Ounas<\/span><\/p>\n<\/div>\n<p>Auteur:<br \/>\n<a href=\"http:\/\/www.lebuteur.com\/article\/detail?titre=serie-a-ounas-revient-sur-sa-premiere-titularisation-avec-cagliari&#038;id=97867&#038;utm_source=feedburner&#038;utm_medium=feed&#038;utm_campaign=Feed%3A+GalerieFArtciles+%28Les+derniers+articles++-+lebuteur.com%29\">Cliquez ici pour lire l&rsquo;article depuis sa source.<\/a><\/p>\n","protected":false},"excerpt":{"rendered":"<p>Auteur : samedi 07 novembre 2020 20:01 L&rsquo;international alg\u00e9rien a jou\u00e9 son premier match en tant que titulaire avec sa nouvelle \u00e9quipe de Cagliari. Une belle premi\u00e8re pour Ounas vu que son \u00e9quipe s&rsquo;est impos\u00e9e sur le score de 2-0. A l&rsquo;issue de la rencontre, le champion d&rsquo;Afrique a d\u00e9clar\u00e9 : \u00ab\u00a0Je suis content d&rsquo;avoir [&hellip;]<\/p>\n","protected":false},"author":1738,"featured_media":104003,"comment_status":"closed","ping_status":"closed","sticky":false,"template":"","format":"standard","meta":{"fifu_image_url":"","fifu_image_alt":"","footnotes":""},"categories":[53,75],"tags":[],"class_list":["post-104002","post","type-post","status-publish","format-standard","has-post-thumbnail","hentry","category-algerie","category-sport"],"_links":{"self":[{"href":"https:\/\/linitiative.ca\/International\/wp-json\/wp\/v2\/posts\/104002","targetHints":{"allow":["GET"]}}],"collection":[{"href":"https:\/\/linitiative.ca\/International\/wp-json\/wp\/v2\/posts"}],"about":[{"href":"https:\/\/linitiative.ca\/International\/wp-json\/wp\/v2\/types\/post"}],"author":[{"embeddable":true,"href":"https:\/\/linitiative.ca\/International\/wp-json\/wp\/v2\/users\/1738"}],"replies":[{"embeddable":true,"href":"https:\/\/linitiative.ca\/International\/wp-json\/wp\/v2\/comments?post=104002"}],"version-history":[{"count":0,"href":"https:\/\/linitiative.ca\/International\/wp-json\/wp\/v2\/posts\/104002\/revisions"}],"wp:featuredmedia":[{"embeddable":true,"href":"https:\/\/linitiative.ca\/International\/wp-json\/"}],"wp:attachment":[{"href":"https:\/\/linitiative.ca\/International\/wp-json\/wp\/v2\/media?parent=104002"}],"wp:term":[{"taxonomy":"category","embeddable":true,"href":"https:\/\/linitiative.ca\/International\/wp-json\/wp\/v2\/categories?post=104002"},{"taxonomy":"post_tag","embeddable":true,"href":"https:\/\/linitiative.ca\/International\/wp-json\/wp\/v2\/tags?post=104002"}],"curies":[{"name":"wp","href":"https:\/\/api.w.org\/{rel}","templated":true}]}}