{"id":104012,"date":"2020-11-07T10:29:00","date_gmt":"2020-11-07T15:29:00","guid":{"rendered":"https:\/\/linitiative.ca\/International\/cite-la-salamandre-mostaganem-le-vandalisme-contre-les-abribus-persiste\/"},"modified":"2020-11-07T10:29:00","modified_gmt":"2020-11-07T15:29:00","slug":"cite-la-salamandre-mostaganem-le-vandalisme-contre-les-abribus-persiste","status":"publish","type":"post","link":"https:\/\/linitiative.ca\/International\/cite-la-salamandre-mostaganem-le-vandalisme-contre-les-abribus-persiste\/","title":{"rendered":"CITE LA SALAMANDRE  (MOSTAGANEM) : Le vandalisme contre les abribus persiste\u2026"},"content":{"rendered":"<p><br id=\"sep_para_1\" class=\"sep_para access\"\/><\/p>\n<div id=\"para_1\" class=\"para_39386901 resize\">\n<div class=\"texte access firstletter\">Quel que soit l\u2019auteur d\u2019une d\u00e9gradation du mobilier urbain, il n\u2019y a aucune raison \u00e0 d\u00e9figurer les espaces urbains d\u2019autant plus que cela\u00a0 repr\u00e9sente des co\u00fbts cons\u00e9quents pour nos Communes, en particulier pour celle de Mostaganem qui n\u2019en finit pas d\u2019en p\u00e2tir. Les derniers en date sont les deux abribus de la Cit\u00e9 Salamandre dont le premier, est d\u00e9di\u00e9 surtout aux \u00e9tudiants de la facult\u00e9 de droit et des sciences administratives. Une partie de son vitrage a vol\u00e9 en \u00e9clats et pourtant, il n\u2019est qu\u2019\u00e0 quelques pas du si\u00e8ge de la s\u00fbret\u00e9 urbaine de la \u00ab Salamandre \u00bb, ce qui suppose que les malfaiteurs on bien choisi le moment de leur forfait. Quant au second abribus, c\u2019est celui qui est implant\u00e9 au niveau de la station de bus de transports urbains sur la ligne Mostaganem-Salamandre. Dans ce cas, les vandales ne sont pas all\u00e9s de main morte, puisque les d\u00e9g\u00e2ts occasionn\u00e9s \u00e0 ces abribus sont cons\u00e9quents. Non seulement, le vitrage a vol\u00e9 en \u00e9clats avec des d\u00e9bits jonchant les alentours de cet abri mais encore, sa toiture a \u00e9t\u00e9 \u00e9ventr\u00e9e sans m\u00e9nagement dans une tentative d\u00e9sesp\u00e9r\u00e9e de rendre ce meuble de service public, inutilisable. Pour rappel, nous savons que le code p\u00e9nal d\u00e9finit ces actes comme la d\u00e9t\u00e9rioration volontaire d&rsquo;un bien appartenant \u00e0 autrui et pr\u00e9voit des peines pouvant aller \u00e0 quelques ann\u00e9es d\u2019emprisonnement et une amende de plusieurs milliers de dinars selon les circonstances. Par ailleurs, pour beaucoup de gens avertis, ces actes graves d\u2019incivilit\u00e9s envers le mobiliers urbain, ne peuvent pas \u00eatre totalement contr\u00f4l\u00e9s, du fait qu\u2019ils sont souvent op\u00e9r\u00e9 \u00e0 une heure tardive de la nuit ou au petit matin .Et alors la lancinante question qui se pose de mani\u00e8re redondante est : quels sont les moyens mis en \u0153uvre pour emp\u00eacher de tels d\u00e9g\u00e2ts qui coutent tr\u00e8s chers, chaque ann\u00e9e, au Budget Communal, souvent r\u00e9duit \u00e0 sa simple expression ? Les meubles des lieux publics tels que, par exemple : les bancs du \u00ab Boulevard Ahmed BenBella \u00bb (Salamandre), ceux des aires de jeux des enfants des cit\u00e9s urbaines, les grillages et autres de stades de proximit\u00e9 (cas de la cit\u00e9 de Chemmouma) et autres subissent souvent des d\u00e9gradations notamment parce que les vandales peuvent commettre leurs m\u00e9faits sans \u00eatre vus. Pour parer \u00e0 cela, il faudrait peut-\u00eatre trouver des solutions pertinentes. Une surveillance en conditions\u00a0 banalis\u00e9es pourrait \u00e9ventuellement et par exemple lutter contre ce vandalisme furtif pour au moins dissuader les \u00e9ventuels pr\u00e9tendants \u00e0\u00a0 ce genre de d\u00e9gradation. Quoi qu\u2019il en soit, nos APC gagneraient \u00e0 s\u2019int\u00e9resser \u00e0 la protection de biens du mobilier urbain si utile \u00e0 nos concitoyens et \u00e0 la communaut\u00e9 toute enti\u00e8re.\u00a0\u00a0\u00a0\u00a0\u00a0\u00a0\u00a0\u00a0\u00a0\u00a0\u00a0\u00a0\u00a0\u00a0\u00a0\u00a0\u00a0\u00a0\u00a0\u00a0\u00a0\u00a0\u00a0\u00a0\u00a0\u00a0\u00a0\u00a0\u00a0\u00a0\u00a0\u00a0\u00a0\u00a0\u00a0\u00a0\u00a0\u00a0<\/div>\n<\/div>\n<p>Auteur: Younes Zahachi<br \/>\n<a href=\"https:\/\/www.reflexiondz.net\/CITE-LA-SALAMANDRE-MOSTAGANEM-Le-vandalisme-contre-les-abribus-persiste_a66181.html\">Cliquez ici pour lire l&rsquo;article depuis sa source.<\/a><\/p>\n","protected":false},"excerpt":{"rendered":"<p>Quel que soit l\u2019auteur d\u2019une d\u00e9gradation du mobilier urbain, il n\u2019y a aucune raison \u00e0 d\u00e9figurer les espaces urbains d\u2019autant plus que cela\u00a0 repr\u00e9sente des co\u00fbts cons\u00e9quents pour nos Communes, en particulier pour celle de Mostaganem qui n\u2019en finit pas d\u2019en p\u00e2tir. Les derniers en date sont les deux abribus de la Cit\u00e9 Salamandre dont [&hellip;]<\/p>\n","protected":false},"author":1740,"featured_media":0,"comment_status":"closed","ping_status":"closed","sticky":false,"template":"","format":"standard","meta":{"fifu_image_url":"","fifu_image_alt":"","footnotes":""},"categories":[53,76],"tags":[],"class_list":["post-104012","post","type-post","status-publish","format-standard","hentry","category-algerie","category-regions"],"_links":{"self":[{"href":"https:\/\/linitiative.ca\/International\/wp-json\/wp\/v2\/posts\/104012","targetHints":{"allow":["GET"]}}],"collection":[{"href":"https:\/\/linitiative.ca\/International\/wp-json\/wp\/v2\/posts"}],"about":[{"href":"https:\/\/linitiative.ca\/International\/wp-json\/wp\/v2\/types\/post"}],"author":[{"embeddable":true,"href":"https:\/\/linitiative.ca\/International\/wp-json\/wp\/v2\/users\/1740"}],"replies":[{"embeddable":true,"href":"https:\/\/linitiative.ca\/International\/wp-json\/wp\/v2\/comments?post=104012"}],"version-history":[{"count":0,"href":"https:\/\/linitiative.ca\/International\/wp-json\/wp\/v2\/posts\/104012\/revisions"}],"wp:attachment":[{"href":"https:\/\/linitiative.ca\/International\/wp-json\/wp\/v2\/media?parent=104012"}],"wp:term":[{"taxonomy":"category","embeddable":true,"href":"https:\/\/linitiative.ca\/International\/wp-json\/wp\/v2\/categories?post=104012"},{"taxonomy":"post_tag","embeddable":true,"href":"https:\/\/linitiative.ca\/International\/wp-json\/wp\/v2\/tags?post=104012"}],"curies":[{"name":"wp","href":"https:\/\/api.w.org\/{rel}","templated":true}]}}