{"id":104013,"date":"2020-11-07T10:29:00","date_gmt":"2020-11-07T15:29:00","guid":{"rendered":"https:\/\/linitiative.ca\/International\/la-ville-de-mostaganem-etouffe-sous-le-flux-des-vehicules-quest-devenu-le-projet-du-parking-a-etages\/"},"modified":"2020-11-07T10:29:00","modified_gmt":"2020-11-07T15:29:00","slug":"la-ville-de-mostaganem-etouffe-sous-le-flux-des-vehicules-quest-devenu-le-projet-du-parking-a-etages","status":"publish","type":"post","link":"https:\/\/linitiative.ca\/International\/la-ville-de-mostaganem-etouffe-sous-le-flux-des-vehicules-quest-devenu-le-projet-du-parking-a-etages\/","title":{"rendered":"LA VILLE DE MOSTAGANEM ETOUFFE SOUS LE FLUX DES VEHICULES : Qu&rsquo;est devenu  le projet du parking \u00e0 \u00e9tages ?"},"content":{"rendered":"<p><br id=\"sep_para_1\" class=\"sep_para access\"\/><\/p>\n<div id=\"para_1\" class=\"para_39386900 resize\">\n<div class=\"photo shadow left\"><a href=\"javascript:void(0)\" rel=\"https:\/\/www.reflexiondz.net\/photo\/art\/grande\/51268782-39386900.jpg?v=1604764635&amp;ibox\" title=\"LA VILLE DE MOSTAGANEM ETOUFFE SOUS LE FLUX DES VEHICULES : Qu'est devenu le projet du parking \u00e0 \u00e9tages ?\"><img decoding=\"async\" class=\"responsive c9\" src=\"https:\/\/www.reflexiondz.net\/photo\/art\/grande\/51268782-39386900.jpg?v=1604764635\" alt=\"LA VILLE DE MOSTAGANEM ETOUFFE SOUS LE FLUX DES VEHICULES : Qu'est devenu le projet du parking \u00e0 \u00e9tages ?\" title=\"LA VILLE DE MOSTAGANEM ETOUFFE SOUS LE FLUX DES VEHICULES : Qu'est devenu le projet du parking \u00e0 \u00e9tages ?\"\/><img decoding=\"async\" class=\"not-responsive\" src=\"https:\/\/www.reflexiondz.net\/photo\/art\/default\/51268782-39386900.jpg?v=1604764638\" alt=\"LA VILLE DE MOSTAGANEM ETOUFFE SOUS LE FLUX DES VEHICULES : Qu'est devenu le projet du parking \u00e0 \u00e9tages ?\" title=\"LA VILLE DE MOSTAGANEM ETOUFFE SOUS LE FLUX DES VEHICULES : Qu'est devenu le projet du parking \u00e0 \u00e9tages ?\"\/><\/a><\/div>\n<div class=\"texte access firstletter\">Avec un plan de circulation devenu\u00a0 \u00ab\u00a0archa\u00efque\u00a0\u00bb et tant\u00a0 critiqu\u00e9 par les Mostaganemois qui ont du\u00a0 mal \u00e0 se frayer un passage sans risquer d&rsquo;\u00eatre\u00a0 percuter\u00a0 par un v\u00e9hicule\u00a0 , il est encore\u00a0 si regrettable de constater que ce dernier\u00a0 est d\u00e9finitivement satur\u00e9 et ne\u00a0 r\u00e9pond point aux exigences d&rsquo;un trafic routier des plus denses, car se garer en ville ressort de l&rsquo;exploit et du miracle . A ce jour, les initiatives qui ont\u00a0 \u00e9t\u00e9 prises\u00a0 pour la r\u00e9alisation d&rsquo;un parking \u00e0 \u00e9tages, semblent\u00a0 tomber l&rsquo;une apr\u00e8s l&rsquo;autre au fil\u00a0 des mandats \u00e9lectifs des maires de Mostaganem qui ont promis aux \u00e9lecteurs\u00a0 tant de monts et merveilles pour la perle de la M\u00e9diterran\u00e9e et surtout\u00a0 pour la circulation en ville . Ce projet tant attendu, reste encore une promesse qui tarde \u00e0 se concr\u00e9tiser et risque de ne point voir le jour. En ce sens , il\u00a0 est utile de signaler qu&rsquo;\u00e0 pr\u00e9sent , en ce qui concerne les parkings existants, la d\u00e9ception est totale et l&rsquo;anarchie reste la reine en ces lieux o\u00f9 l&rsquo;automobiliste doit s&rsquo;acquitter d&rsquo;une somme d&rsquo;argent \u00e0 chaque coin de rue pour \u00e9viter de se faire agresser ou de voir son pare-brise voler en \u00e9clats. A d\u00e9faut de parkings r\u00e9glement\u00e9s, la ville \u00e9touffe au quotidien en raison de ces centaines de v\u00e9hicules qui y circulent, squattant souvent les abords des chauss\u00e9es. N&rsquo;ayant pas de places pour stationner, les conducteurs doivent tourner en rond et consommer \u00e9norm\u00e9ment d&rsquo;essence, engendrant des cons\u00e9quences d\u00e9sastreuses en mati\u00e8re de pollution. D&rsquo;autres, press\u00e9s par des engagements professionnels, bravent les interdits, garent leurs v\u00e9hicules, n&rsquo;importe comment et n&rsquo;importe o\u00f9. Face \u00e0 cette situation des plus complexes, beaucoup d&rsquo;automobilistes et en particulier les taxieurs interpellent de nouveau\u00a0 l&rsquo;A.P.C, la direction des transports et celle des travaux publics\u00a0 pour soulever ce probl\u00e8me devenu presque insoluble. Ils sollicitent une prise en charge des plus urgentes de cette \u00ab\u00a0asphyxie\u00a0\u00bb de la circulation routi\u00e8re de plus en plus embarrassante et g\u00e9n\u00e9ratrice d&rsquo;un malaise si insupportable qui perdure depuis si longtemps et qui n&rsquo;ose point prendre fin.<\/div>\n<\/div>\n<p>Auteur: L. Ammar<br \/>\n<a href=\"https:\/\/www.reflexiondz.net\/LA-VILLE-DE-MOSTAGANEM-ETOUFFE-SOUS-LE-FLUX-DES-VEHICULES-Qu-est-devenu-le-projet-du-parking-a-etages_a66180.html\">Cliquez ici pour lire l&rsquo;article depuis sa source.<\/a><\/p>\n","protected":false},"excerpt":{"rendered":"<p>Avec un plan de circulation devenu\u00a0 \u00ab\u00a0archa\u00efque\u00a0\u00bb et tant\u00a0 critiqu\u00e9 par les Mostaganemois qui ont du\u00a0 mal \u00e0 se frayer un passage sans risquer d&rsquo;\u00eatre\u00a0 percuter\u00a0 par un v\u00e9hicule\u00a0 , il est encore\u00a0 si regrettable de constater que ce dernier\u00a0 est d\u00e9finitivement satur\u00e9 et ne\u00a0 r\u00e9pond point aux exigences d&rsquo;un trafic routier des plus denses, [&hellip;]<\/p>\n","protected":false},"author":1740,"featured_media":0,"comment_status":"closed","ping_status":"closed","sticky":false,"template":"","format":"standard","meta":{"fifu_image_url":"","fifu_image_alt":"","footnotes":""},"categories":[53,76],"tags":[],"class_list":["post-104013","post","type-post","status-publish","format-standard","hentry","category-algerie","category-regions"],"_links":{"self":[{"href":"https:\/\/linitiative.ca\/International\/wp-json\/wp\/v2\/posts\/104013","targetHints":{"allow":["GET"]}}],"collection":[{"href":"https:\/\/linitiative.ca\/International\/wp-json\/wp\/v2\/posts"}],"about":[{"href":"https:\/\/linitiative.ca\/International\/wp-json\/wp\/v2\/types\/post"}],"author":[{"embeddable":true,"href":"https:\/\/linitiative.ca\/International\/wp-json\/wp\/v2\/users\/1740"}],"replies":[{"embeddable":true,"href":"https:\/\/linitiative.ca\/International\/wp-json\/wp\/v2\/comments?post=104013"}],"version-history":[{"count":0,"href":"https:\/\/linitiative.ca\/International\/wp-json\/wp\/v2\/posts\/104013\/revisions"}],"wp:attachment":[{"href":"https:\/\/linitiative.ca\/International\/wp-json\/wp\/v2\/media?parent=104013"}],"wp:term":[{"taxonomy":"category","embeddable":true,"href":"https:\/\/linitiative.ca\/International\/wp-json\/wp\/v2\/categories?post=104013"},{"taxonomy":"post_tag","embeddable":true,"href":"https:\/\/linitiative.ca\/International\/wp-json\/wp\/v2\/tags?post=104013"}],"curies":[{"name":"wp","href":"https:\/\/api.w.org\/{rel}","templated":true}]}}