{"id":104014,"date":"2020-11-07T10:29:00","date_gmt":"2020-11-07T15:29:00","guid":{"rendered":"https:\/\/linitiative.ca\/International\/oran-un-reseau-de-passeurs-demantele-a-ain-turck\/"},"modified":"2020-11-07T10:29:00","modified_gmt":"2020-11-07T15:29:00","slug":"oran-un-reseau-de-passeurs-demantele-a-ain-turck","status":"publish","type":"post","link":"https:\/\/linitiative.ca\/International\/oran-un-reseau-de-passeurs-demantele-a-ain-turck\/","title":{"rendered":"ORAN : Un r\u00e9seau de passeurs d\u00e9mantel\u00e9 \u00e0 Ain Turck"},"content":{"rendered":"<p><br id=\"sep_para_1\" class=\"sep_para access\"\/><\/p>\n<div id=\"para_1\" class=\"para_39386884 resize\">\n<div class=\"photo shadow left\"><a href=\"javascript:void(0)\" rel=\"https:\/\/www.reflexiondz.net\/photo\/art\/grande\/51268742-39386884.jpg?v=1604764736&amp;ibox\" title=\"ORAN : Un r\u00e9seau de passeurs d\u00e9mantel\u00e9 \u00e0 Ain Turck\"><img decoding=\"async\" class=\"responsive c9\" src=\"https:\/\/www.reflexiondz.net\/photo\/art\/grande\/51268742-39386884.jpg?v=1604764736\" alt=\"ORAN : Un r\u00e9seau de passeurs d\u00e9mantel\u00e9 \u00e0 Ain Turck\" title=\"ORAN : Un r\u00e9seau de passeurs d\u00e9mantel\u00e9 \u00e0 Ain Turck\"\/><img decoding=\"async\" class=\"not-responsive\" src=\"https:\/\/www.reflexiondz.net\/photo\/art\/default\/51268742-39386884.jpg?v=1604764740\" alt=\"ORAN : Un r\u00e9seau de passeurs d\u00e9mantel\u00e9 \u00e0 Ain Turck\" title=\"ORAN : Un r\u00e9seau de passeurs d\u00e9mantel\u00e9 \u00e0 Ain Turck\"\/><\/a><\/div>\n<div class=\"texte access firstletter\">Agissant sur information, les \u00e9l\u00e9ments de la s\u00fbret\u00e9 de da\u00efra de Ain Turck dans la wilaya d\u2019Oran ont r\u00e9ussi \u00e0 d\u00e9manteler un r\u00e9seau de passeurs compos\u00e9 de 05 individus, au niveau du quartier de Trouville dans la commune de Ain Turck.\u00a0 Ce d\u00e9mant\u00e8lement entre dans le cadre de la lutte contre la criminalit\u00e9 sous toutes ses formes et en particulier celle li\u00e9e au ph\u00e9nom\u00e8ne de l&rsquo;immigration clandestine qui vient de prendre une proportion alarmante dans les plages de la r\u00e9gion ouest du pays et plus particuli\u00e8rement \u00e0\u00a0 Oran, Arzew, Gdyel et Mostaganem. L\u2019arrestation de ces individus \u00e2g\u00e9s entre 20 et 46 ans issus de la r\u00e9gion, est intervenue au moment o\u00f9 ils pr\u00e9paraient une embarcation clandestine pour rejoindre\u00a0 l&rsquo;autre rive. L\u2019op\u00e9ration a permis \u00e9galement la saisie d\u2019une embarcation et d\u2019un moteur d\u2019une puissance de 115 chevaux ainsi qu\u2019un montant de 12 millions de centimes. Les mis en cause, une fois la proc\u00e9dure du dossier termin\u00e9e, seront pr\u00e9sent\u00e9s devant le magistrat instructeur pr\u00e8s le tribunal de la da\u00efra de Ain Turck pour les chefs d\u2019inculpation, d&rsquo;association de malfaiteurs sp\u00e9cialis\u00e9s dans les embarcations clandestine.\u00a0\u00a0\u00a0\u00a0\u00a0\u00a0\u00a0\u00a0\u00a0\u00a0\u00a0\u00a0\u00a0\u00a0\u00a0\u00a0\u00a0\u00a0\u00a0\u00a0\u00a0\u00a0<\/div>\n<\/div>\n<p>Auteur: Medjadji Habib<br \/>\n<a href=\"https:\/\/www.reflexiondz.net\/ORAN-Un-reseau-de-passeurs-demantele-a-Ain-Turck_a66179.html\">Cliquez ici pour lire l&rsquo;article depuis sa source.<\/a><\/p>\n","protected":false},"excerpt":{"rendered":"<p>Agissant sur information, les \u00e9l\u00e9ments de la s\u00fbret\u00e9 de da\u00efra de Ain Turck dans la wilaya d\u2019Oran ont r\u00e9ussi \u00e0 d\u00e9manteler un r\u00e9seau de passeurs compos\u00e9 de 05 individus, au niveau du quartier de Trouville dans la commune de Ain Turck.\u00a0 Ce d\u00e9mant\u00e8lement entre dans le cadre de la lutte contre la criminalit\u00e9 sous toutes [&hellip;]<\/p>\n","protected":false},"author":1740,"featured_media":0,"comment_status":"closed","ping_status":"closed","sticky":false,"template":"","format":"standard","meta":{"fifu_image_url":"","fifu_image_alt":"","footnotes":""},"categories":[53,76],"tags":[],"class_list":["post-104014","post","type-post","status-publish","format-standard","hentry","category-algerie","category-regions"],"_links":{"self":[{"href":"https:\/\/linitiative.ca\/International\/wp-json\/wp\/v2\/posts\/104014","targetHints":{"allow":["GET"]}}],"collection":[{"href":"https:\/\/linitiative.ca\/International\/wp-json\/wp\/v2\/posts"}],"about":[{"href":"https:\/\/linitiative.ca\/International\/wp-json\/wp\/v2\/types\/post"}],"author":[{"embeddable":true,"href":"https:\/\/linitiative.ca\/International\/wp-json\/wp\/v2\/users\/1740"}],"replies":[{"embeddable":true,"href":"https:\/\/linitiative.ca\/International\/wp-json\/wp\/v2\/comments?post=104014"}],"version-history":[{"count":0,"href":"https:\/\/linitiative.ca\/International\/wp-json\/wp\/v2\/posts\/104014\/revisions"}],"wp:attachment":[{"href":"https:\/\/linitiative.ca\/International\/wp-json\/wp\/v2\/media?parent=104014"}],"wp:term":[{"taxonomy":"category","embeddable":true,"href":"https:\/\/linitiative.ca\/International\/wp-json\/wp\/v2\/categories?post=104014"},{"taxonomy":"post_tag","embeddable":true,"href":"https:\/\/linitiative.ca\/International\/wp-json\/wp\/v2\/tags?post=104014"}],"curies":[{"name":"wp","href":"https:\/\/api.w.org\/{rel}","templated":true}]}}