{"id":104015,"date":"2020-11-07T10:29:00","date_gmt":"2020-11-07T15:29:00","guid":{"rendered":"https:\/\/linitiative.ca\/International\/oran-incendies-dans-les-forets-de-madegh-cap-blanc-et-tafraoui\/"},"modified":"2020-11-07T10:29:00","modified_gmt":"2020-11-07T15:29:00","slug":"oran-incendies-dans-les-forets-de-madegh-cap-blanc-et-tafraoui","status":"publish","type":"post","link":"https:\/\/linitiative.ca\/International\/oran-incendies-dans-les-forets-de-madegh-cap-blanc-et-tafraoui\/","title":{"rendered":"ORAN : Incendies dans les for\u00eats de  Madegh, Cap Blanc et Tafraoui"},"content":{"rendered":"<p><br id=\"sep_para_1\" class=\"sep_para access\"\/><\/p>\n<div id=\"para_1\" class=\"para_39386882 resize\">\n<div class=\"texte access firstletter\">Des incendies de for\u00eats se sont d\u00e9clench\u00e9s avant-hier vendredi dans plusieurs wilayas du centre et de l\u2019ouest de l\u2019Alg\u00e9rie. \u00c0 Oran les for\u00eats de Madegh Cap Blanc et Tafraoui ont \u00e9t\u00e9 ravag\u00e9s par les feux avant-hier soir et ont caus\u00e9 des d\u00e9g\u00e2ts importants. Il a fallu l&rsquo;intervention\u00a0 rapide des \u00e9l\u00e9ments de la protection civile de la da\u00efra de Ain Turck en compagnie de ceux de la wilaya d&rsquo;Oran qui se sont d\u00e9plac\u00e9s sur les lieux o\u00f9 ils ont r\u00e9ussi apr\u00e8s plusieurs heures, \u00e0 ma\u00eetriser le feu. Fort heureusement on ne d\u00e9plore aucune victime. Notons que les \u00e9l\u00e9ments de la protection civile ont d\u00e9ploy\u00e9 d&rsquo;importants efforts ainsi que des moyens mat\u00e9riels et humains\u00a0 pour lutter contre ces incendies, ayant\u00a0 touch\u00e9 les trois for\u00eats de la wilaya d&rsquo;Oran, et ce\u00a0 en la\u00a0 seule journ\u00e9e du vendredi soir .Selon la protection civile, 11 wilayas ont \u00e9t\u00e9 touch\u00e9s par des incendies ce vendredi dont celui de la Tipaza qui a caus\u00e9 la mort de deux personnes. Une enqu\u00eate fut ouverte par les services s\u00e9curitaires de la wilaya d&rsquo;Oran pour d\u00e9terminer les causes r\u00e9elles de ces incendies.\u00a0\u00a0<\/div>\n<\/div>\n<p>Auteur: Medjadji Habib<br \/>\n<a href=\"https:\/\/www.reflexiondz.net\/ORAN-Incendies-dans-les-forets-de-Madegh-Cap-Blanc-et-Tafraoui_a66178.html\">Cliquez ici pour lire l&rsquo;article depuis sa source.<\/a><\/p>\n","protected":false},"excerpt":{"rendered":"<p>Des incendies de for\u00eats se sont d\u00e9clench\u00e9s avant-hier vendredi dans plusieurs wilayas du centre et de l\u2019ouest de l\u2019Alg\u00e9rie. \u00c0 Oran les for\u00eats de Madegh Cap Blanc et Tafraoui ont \u00e9t\u00e9 ravag\u00e9s par les feux avant-hier soir et ont caus\u00e9 des d\u00e9g\u00e2ts importants. Il a fallu l&rsquo;intervention\u00a0 rapide des \u00e9l\u00e9ments de la protection civile de [&hellip;]<\/p>\n","protected":false},"author":1740,"featured_media":0,"comment_status":"closed","ping_status":"closed","sticky":false,"template":"","format":"standard","meta":{"fifu_image_url":"","fifu_image_alt":"","footnotes":""},"categories":[53,76],"tags":[],"class_list":["post-104015","post","type-post","status-publish","format-standard","hentry","category-algerie","category-regions"],"_links":{"self":[{"href":"https:\/\/linitiative.ca\/International\/wp-json\/wp\/v2\/posts\/104015","targetHints":{"allow":["GET"]}}],"collection":[{"href":"https:\/\/linitiative.ca\/International\/wp-json\/wp\/v2\/posts"}],"about":[{"href":"https:\/\/linitiative.ca\/International\/wp-json\/wp\/v2\/types\/post"}],"author":[{"embeddable":true,"href":"https:\/\/linitiative.ca\/International\/wp-json\/wp\/v2\/users\/1740"}],"replies":[{"embeddable":true,"href":"https:\/\/linitiative.ca\/International\/wp-json\/wp\/v2\/comments?post=104015"}],"version-history":[{"count":0,"href":"https:\/\/linitiative.ca\/International\/wp-json\/wp\/v2\/posts\/104015\/revisions"}],"wp:attachment":[{"href":"https:\/\/linitiative.ca\/International\/wp-json\/wp\/v2\/media?parent=104015"}],"wp:term":[{"taxonomy":"category","embeddable":true,"href":"https:\/\/linitiative.ca\/International\/wp-json\/wp\/v2\/categories?post=104015"},{"taxonomy":"post_tag","embeddable":true,"href":"https:\/\/linitiative.ca\/International\/wp-json\/wp\/v2\/tags?post=104015"}],"curies":[{"name":"wp","href":"https:\/\/api.w.org\/{rel}","templated":true}]}}