{"id":104016,"date":"2020-11-07T10:29:00","date_gmt":"2020-11-07T15:29:00","guid":{"rendered":"https:\/\/linitiative.ca\/International\/mascara-relachement-dans-les-mesures-sanitaires\/"},"modified":"2020-11-07T10:29:00","modified_gmt":"2020-11-07T15:29:00","slug":"mascara-relachement-dans-les-mesures-sanitaires","status":"publish","type":"post","link":"https:\/\/linitiative.ca\/International\/mascara-relachement-dans-les-mesures-sanitaires\/","title":{"rendered":"MASCARA : Rel\u00e2chement dans  les mesures sanitaires"},"content":{"rendered":"<p><br id=\"sep_para_1\" class=\"sep_para access\"\/><\/p>\n<div id=\"para_1\" class=\"para_39386875 resize\">\n<div class=\"texte access firstletter\">L\u2019ensemble de la population de la wilaya de Mascara observe un rel\u00e2chement des mesures sanitaires. Les gens circulent sans bavettes,\u00a0 au niveau des administrations, dans les commerces, dans les bus urbains qui circulent pleins \u00e0 craquer, \u00e9galement dans les taxis et m\u00eame dans les souks. Cet \u00e9tat de fait risque de nous mener vers\u00a0 une autre vague de contamination et bien s\u00fbr vers un autre confinement. Il est temps que l&rsquo;on entreprenne une autre campagne de sensibilisation incitant ainsi les gens au port de la bavette,\u00a0 \u00e0 la distanciation, d&rsquo;\u00e9viter les rassemblements inutiles et surtout dans les transports publics. A cet effet, les services de\u00a0 s\u00e9curit\u00e9\u00a0 sont d\u00e9j\u00e0 mobilis\u00e9s pour sensibiliser les automobilistes, les conducteurs de bus au port de la bavette. Le confinement est d\u00e9cr\u00e9t\u00e9 \u00e0\u00a0 20 heures au niveau de la wilaya de Mascara et des r\u00e8gles de r\u00e9pression sont appliqu\u00e9es pour les bus de transport urbain et inter urbain.<\/div>\n<\/div>\n<p>Auteur: R\u00e9flexion<br \/>\n<a href=\"https:\/\/www.reflexiondz.net\/MASCARA-Relachement-dans-les-mesures-sanitaires_a66176.html\">Cliquez ici pour lire l&rsquo;article depuis sa source.<\/a><\/p>\n","protected":false},"excerpt":{"rendered":"<p>L\u2019ensemble de la population de la wilaya de Mascara observe un rel\u00e2chement des mesures sanitaires. Les gens circulent sans bavettes,\u00a0 au niveau des administrations, dans les commerces, dans les bus urbains qui circulent pleins \u00e0 craquer, \u00e9galement dans les taxis et m\u00eame dans les souks. Cet \u00e9tat de fait risque de nous mener vers\u00a0 une [&hellip;]<\/p>\n","protected":false},"author":1740,"featured_media":0,"comment_status":"closed","ping_status":"closed","sticky":false,"template":"","format":"standard","meta":{"fifu_image_url":"","fifu_image_alt":"","footnotes":""},"categories":[53,76],"tags":[],"class_list":["post-104016","post","type-post","status-publish","format-standard","hentry","category-algerie","category-regions"],"_links":{"self":[{"href":"https:\/\/linitiative.ca\/International\/wp-json\/wp\/v2\/posts\/104016","targetHints":{"allow":["GET"]}}],"collection":[{"href":"https:\/\/linitiative.ca\/International\/wp-json\/wp\/v2\/posts"}],"about":[{"href":"https:\/\/linitiative.ca\/International\/wp-json\/wp\/v2\/types\/post"}],"author":[{"embeddable":true,"href":"https:\/\/linitiative.ca\/International\/wp-json\/wp\/v2\/users\/1740"}],"replies":[{"embeddable":true,"href":"https:\/\/linitiative.ca\/International\/wp-json\/wp\/v2\/comments?post=104016"}],"version-history":[{"count":0,"href":"https:\/\/linitiative.ca\/International\/wp-json\/wp\/v2\/posts\/104016\/revisions"}],"wp:attachment":[{"href":"https:\/\/linitiative.ca\/International\/wp-json\/wp\/v2\/media?parent=104016"}],"wp:term":[{"taxonomy":"category","embeddable":true,"href":"https:\/\/linitiative.ca\/International\/wp-json\/wp\/v2\/categories?post=104016"},{"taxonomy":"post_tag","embeddable":true,"href":"https:\/\/linitiative.ca\/International\/wp-json\/wp\/v2\/tags?post=104016"}],"curies":[{"name":"wp","href":"https:\/\/api.w.org\/{rel}","templated":true}]}}