{"id":104017,"date":"2020-11-07T03:00:00","date_gmt":"2020-11-07T08:00:00","guid":{"rendered":"https:\/\/linitiative.ca\/International\/fadhel-kraiem-ministre-des-technologies-de-la-communication-acceleration-digitale-le-plan-et-les-mesures\/"},"modified":"2020-11-07T03:00:00","modified_gmt":"2020-11-07T08:00:00","slug":"fadhel-kraiem-ministre-des-technologies-de-la-communication-acceleration-digitale-le-plan-et-les-mesures","status":"publish","type":"post","link":"https:\/\/linitiative.ca\/International\/fadhel-kraiem-ministre-des-technologies-de-la-communication-acceleration-digitale-le-plan-et-les-mesures\/","title":{"rendered":"Fadhel Kraiem, Ministre des Technologies de la communication: Acc\u00e9l\u00e9ration digitale, le plan et les mesures"},"content":{"rendered":"<p>\u00abLe retard pris dans la transformation digitale de la Tunisie et plus particuli\u00e8rement l\u2019administration publique est en cours de rattrapage avanc\u00e9. Nous nous y investissons pleinement en associant les divers acteurs concern\u00e9s. Renforcement de l\u2019infrastructure, mise en place du cadre juridique appropri\u00e9 pour ce qui est de l\u2019administration, encouragement de solutions, applications innovantes, simplification et acc\u00e9l\u00e9ration des proc\u00e9dures : tout s\u2019y conjugue.\u00bb C\u2019est ce qu\u2019affirme le ministre des Technologies de la communication, Fadhel\u00a0 Kraiem, \u00e0 <span class=\"c2\"><strong>Leaders<\/strong><\/span>.<\/p>\n<p>La publication du d\u00e9cret-loi sur l\u2019\u00e9change \u00e9lectronique des donn\u00e9es ainsi que de son texte d\u2019application constitue pour le ministre une grande avanc\u00e9e pour l\u2019acc\u00e8s des usagers aux prestations administratives. Le projet GovTech \u00e9largit cet acc\u00e8s partout \u00e0 travers le pays, r\u00e9duisant la fracture num\u00e9rique. Le renforcement du Centre national de l\u2019informatique fera de ce gestionnaire principal des applications administratives un centre d\u2019excellence op\u00e9rationnelle d\u2019appui et de coordination. La modernisation amorc\u00e9e par la Poste tunisienne, notamment \u00e0 travers sa logistique de gestion des envois postaux, et sa digitalisationconsolideront sa position de leader en Afrique et dans le monde arabe. Sa transformation, recentr\u00e9e, en banque postale apportera une contribution de taille \u00e0 l\u2019inclusion financi\u00e8re.<\/p>\n<p>Pour ce qui est du d\u00e9ploiement de la 5G, le ministre Kraiem r\u00e9v\u00e8le que l\u2019Instance Nationale des T\u00e9l\u00e9coms (INT) a d\u00e9j\u00e0 r\u00e9alis\u00e9 une \u00e9tude sur les diff\u00e9rents besoins. Elle travaille actuellement sur le mod\u00e8le \u00e9conomique possible, le type d\u2019appel d\u2019offres \u00e0 lancer, le plan de fr\u00e9quences \u00e0 mettre en place et l\u2019impact sur la sant\u00e9 des citoyens. Il estime que le cahier des charges sera pr\u00eat en 2021 apr\u00e8s avoir s\u00e9lectionn\u00e9 le type d\u2019appel d\u2019offres le plus ad\u00e9quat pour l\u2019attribution des licences.<\/p>\n<p>Revenant sur la contribution du secteur des TIC \u00e0 la lutte contre la pand\u00e9mie de Covid-19, le ministre l\u2019a qualifi\u00e9e de \u00abfantastique\u00bb. Il a salu\u00e9 le grand \u00e9lan de solidarit\u00e9 num\u00e9rique, d\u2019innovation technologique et d\u2019esprit d\u2019\u00e9quipe qui a permis de soutenir l\u2019effort g\u00e9n\u00e9ral des blouses blanches et des pouvoirs publics, rendant un hommage particulier aux op\u00e9rateurs de t\u00e9l\u00e9coms, fournisseurs d\u2019acc\u00e8s, start-up et entreprises sp\u00e9cialis\u00e9es. \u00abTravailler ensemble, sans contraintes, ni blocages des proc\u00e9dures administratives a permis de r\u00e9pondre tr\u00e8s vite aux demandes re\u00e7ues et d\u2019apporter beaucoup d\u2019innovations \u00bb, souligne-t-il.<\/p>\n<p>Le ministre Kraiem se f\u00e9licite du basculement de 117.000 \u00e9tudiants et 12.000 enseignants du sup\u00e9rieur vers le t\u00e9l\u00e9enseignement. Il estime cependant qu\u2019il s\u2019agit de soutenir davantage l\u2019enseignement \u00e0 distance, de le g\u00e9n\u00e9raliser aux \u00e9tablissements universitaires et non seulement ceux qui sont dot\u00e9s actuellement de connexion en fibre optique et de l\u2019\u00e9tendre \u00e9galement \u00e0 l\u2019enseignement primaire et secondaire.<\/p>\n<p>Le t\u00e9l\u00e9travail, rel\u00e8ve le ministre, s\u2019est impos\u00e9 lui aussi par lui-m\u00eame. Il est appel\u00e9 \u00e0 se d\u00e9velopper et m\u00e9rite d\u2019\u00eatre soutenu, \u00e0 la faveur d\u2019une strat\u00e9gie d\u2019ensemble et en multipliant d\u00e8s \u00e0 pr\u00e9sent les initiatives. Il sugg\u00e8re la mise \u00e0 profit des maisons des jeunes et de la culture, ainsi que d\u2019autres espaces, en les \u00e9quipant de stations d\u00e9di\u00e9es et en les ouvrant aux t\u00e9l\u00e9travailleurs et aux apprenants.<\/p>\n<p>Quant \u00e0 la Station T, ce grand espace devant accueillir des start-up et diverses composantes de l\u2019\u00e9cosyst\u00e8me num\u00e9rique, Fadhel Kraiem a r\u00e9v\u00e9l\u00e9 qu\u2019une premi\u00e8re version du projet verra le jour avant la fin de l\u2019ann\u00e9e. Un immeuble de 3000 m2 vient d\u2019\u00eatre choisi au Lac, et entrera bient\u00f4t en fonction.<\/p>\n<p><strong>Lire aussi<\/strong><\/p>\n<p><a href=\"https:\/\/www.leaders.com.tn\/article\/30854-mohamed-fadhel-kraiem-monter-au-creneau-pour-un-enjeu-pays\" target=\"_blank\" rel=\"noopener noreferrer\">Mohamed Fadhel Kraiem: Monter au cr\u00e9neau pour un enjeu pays<\/a><\/p>\n<p class=\"c3\"><strong><a href=\"https:\/\/www.leaders.com.tn\/le_mensuel_abonnez_vous\" target=\"_blank\" rel=\"noopener noreferrer\"><img loading=\"lazy\" decoding=\"async\" src=\"\/uploads\/FCK_files\/Bondou(12).jpg\" alt=\"\" width=\"500\" vspace=\"5\" hspace=\"5\" height=\"128\" align=\"middle\"\/><\/a><\/strong><\/p>\n<p>Auteur:<br \/>\n<a href=\"https:\/\/www.leaders.com.tn\/article\/30873-fadhel-kraiem-ministre-des-technologies-de-la-communication-acceleration-digitale-le-plan-et-les-mesures\">Cliquez ici pour lire l&rsquo;article depuis sa source.<\/a><\/p>\n","protected":false},"excerpt":{"rendered":"<p>\u00abLe retard pris dans la transformation digitale de la Tunisie et plus particuli\u00e8rement l\u2019administration publique est en cours de rattrapage avanc\u00e9. Nous nous y investissons pleinement en associant les divers acteurs concern\u00e9s. Renforcement de l\u2019infrastructure, mise en place du cadre juridique appropri\u00e9 pour ce qui est de l\u2019administration, encouragement de solutions, applications innovantes, simplification et [&hellip;]<\/p>\n","protected":false},"author":1772,"featured_media":104018,"comment_status":"closed","ping_status":"closed","sticky":false,"template":"","format":"standard","meta":{"fifu_image_url":"","fifu_image_alt":"","footnotes":""},"categories":[73,55],"tags":[],"class_list":["post-104017","post","type-post","status-publish","format-standard","has-post-thumbnail","hentry","category-actualite","category-tunisie"],"_links":{"self":[{"href":"https:\/\/linitiative.ca\/International\/wp-json\/wp\/v2\/posts\/104017","targetHints":{"allow":["GET"]}}],"collection":[{"href":"https:\/\/linitiative.ca\/International\/wp-json\/wp\/v2\/posts"}],"about":[{"href":"https:\/\/linitiative.ca\/International\/wp-json\/wp\/v2\/types\/post"}],"author":[{"embeddable":true,"href":"https:\/\/linitiative.ca\/International\/wp-json\/wp\/v2\/users\/1772"}],"replies":[{"embeddable":true,"href":"https:\/\/linitiative.ca\/International\/wp-json\/wp\/v2\/comments?post=104017"}],"version-history":[{"count":0,"href":"https:\/\/linitiative.ca\/International\/wp-json\/wp\/v2\/posts\/104017\/revisions"}],"wp:featuredmedia":[{"embeddable":true,"href":"https:\/\/linitiative.ca\/International\/wp-json\/"}],"wp:attachment":[{"href":"https:\/\/linitiative.ca\/International\/wp-json\/wp\/v2\/media?parent=104017"}],"wp:term":[{"taxonomy":"category","embeddable":true,"href":"https:\/\/linitiative.ca\/International\/wp-json\/wp\/v2\/categories?post=104017"},{"taxonomy":"post_tag","embeddable":true,"href":"https:\/\/linitiative.ca\/International\/wp-json\/wp\/v2\/tags?post=104017"}],"curies":[{"name":"wp","href":"https:\/\/api.w.org\/{rel}","templated":true}]}}