{"id":104021,"date":"2020-11-07T12:54:00","date_gmt":"2020-11-07T17:54:00","guid":{"rendered":"https:\/\/linitiative.ca\/International\/joe-biden-elu-46e-president-des-etats-unis\/"},"modified":"2020-11-07T12:54:00","modified_gmt":"2020-11-07T17:54:00","slug":"joe-biden-elu-46e-president-des-etats-unis","status":"publish","type":"post","link":"https:\/\/linitiative.ca\/International\/joe-biden-elu-46e-president-des-etats-unis\/","title":{"rendered":"Joe Biden \u00e9lu 46e  pr\u00e9sident des Etats Unis"},"content":{"rendered":"<div readability=\"40\">\n<p>Joe Biden est \u00e9lu 46e pr\u00e9sident des Etats Unis. Il d\u00e9passe d\u00e9sormais les 270 grands \u00e9lecteurs n\u00e9cessaires \u00e0 son \u00e9lection selon CNN, le New York times et Associated Press. Il entamera son mandat le 20 janvier prochain.<\/p>\n<p>Kamila Harris sera la premi\u00e8re \u00e0 occuper le poste de vice-pr\u00e9sidente am\u00e9ricaine.<\/p>\n<p>Donald Trump est le 1er pr\u00e9sident am\u00e9ricain sortant \u00e0 ne pas \u00eatre r\u00e9\u00e9lu dpuis George W Bush en 1992.<\/p>\n<p>X<\/p>\n<\/div>\n<div readability=\"10.5\">\n<div class=\"col-xs-2 col-sm-2 col-md-1 col-lg-1\"><img decoding=\"async\" src=\"\/images\/front\/img_commentaire.png\" alt=\"\"\/><\/div>\n<div class=\"col-xs-10 col-sm-10 col-md-11 col-lg-11\" readability=\"16\">\n<p><strong>Ennaj<\/strong> &#8211; 07-11-2020 20:51<\/p>\n<p>Bon vent Biden&#8230; Ryy77 essed bou ettr\u00eamy&#8230;. Jamais un vaniteux, menteur, raciste,, s\u00e9gr\u00e9gationniste, pro-sioniste, comme ce \u00ab\u00a0trompe\u00a0\u00bb nigauds un narcissique \u00e0 l&rsquo;extr\u00eame ne pourra plus jamais pr\u00e9sider un pays&#8230; Il avait profit\u00e9 de l&rsquo;ignorance d&rsquo;une bonne moiti\u00e9 d&rsquo;un peuple na\u00eff au point de voir en lui un messie&#8230; Belle revanche pour les am\u00e9ricains libres et intelligents&#8230;. Les autres auront l&rsquo;air moins stupides \u00e0 l&rsquo;avenir.<\/p>\n<\/div>\n<\/div>\n<p>Auteur:<br \/>\n<a href=\"https:\/\/www.leaders.com.tn\/article\/30883-joe-biden-elu-46e-president-des-etats-unis\">Cliquez ici pour lire l&rsquo;article depuis sa source.<\/a><\/p>\n","protected":false},"excerpt":{"rendered":"<p>Joe Biden est \u00e9lu 46e pr\u00e9sident des Etats Unis. Il d\u00e9passe d\u00e9sormais les 270 grands \u00e9lecteurs n\u00e9cessaires \u00e0 son \u00e9lection selon CNN, le New York times et Associated Press. Il entamera son mandat le 20 janvier prochain. Kamila Harris sera la premi\u00e8re \u00e0 occuper le poste de vice-pr\u00e9sidente am\u00e9ricaine. Donald Trump est le 1er pr\u00e9sident [&hellip;]<\/p>\n","protected":false},"author":1772,"featured_media":104022,"comment_status":"closed","ping_status":"closed","sticky":false,"template":"","format":"standard","meta":{"fifu_image_url":"","fifu_image_alt":"","footnotes":""},"categories":[73,55],"tags":[],"class_list":["post-104021","post","type-post","status-publish","format-standard","has-post-thumbnail","hentry","category-actualite","category-tunisie"],"_links":{"self":[{"href":"https:\/\/linitiative.ca\/International\/wp-json\/wp\/v2\/posts\/104021","targetHints":{"allow":["GET"]}}],"collection":[{"href":"https:\/\/linitiative.ca\/International\/wp-json\/wp\/v2\/posts"}],"about":[{"href":"https:\/\/linitiative.ca\/International\/wp-json\/wp\/v2\/types\/post"}],"author":[{"embeddable":true,"href":"https:\/\/linitiative.ca\/International\/wp-json\/wp\/v2\/users\/1772"}],"replies":[{"embeddable":true,"href":"https:\/\/linitiative.ca\/International\/wp-json\/wp\/v2\/comments?post=104021"}],"version-history":[{"count":0,"href":"https:\/\/linitiative.ca\/International\/wp-json\/wp\/v2\/posts\/104021\/revisions"}],"wp:featuredmedia":[{"embeddable":true,"href":"https:\/\/linitiative.ca\/International\/wp-json\/"}],"wp:attachment":[{"href":"https:\/\/linitiative.ca\/International\/wp-json\/wp\/v2\/media?parent=104021"}],"wp:term":[{"taxonomy":"category","embeddable":true,"href":"https:\/\/linitiative.ca\/International\/wp-json\/wp\/v2\/categories?post=104021"},{"taxonomy":"post_tag","embeddable":true,"href":"https:\/\/linitiative.ca\/International\/wp-json\/wp\/v2\/tags?post=104021"}],"curies":[{"name":"wp","href":"https:\/\/api.w.org\/{rel}","templated":true}]}}