{"id":104028,"date":"2020-11-07T08:15:25","date_gmt":"2020-11-07T13:15:25","guid":{"rendered":"https:\/\/linitiative.ca\/International\/elections-us-joe-biden-se-positionne-en-rassembleur\/"},"modified":"2020-11-07T08:15:25","modified_gmt":"2020-11-07T13:15:25","slug":"elections-us-joe-biden-se-positionne-en-rassembleur","status":"publish","type":"post","link":"https:\/\/linitiative.ca\/International\/elections-us-joe-biden-se-positionne-en-rassembleur\/","title":{"rendered":"\u00c9lections US\u00a0: Joe Biden se positionne en rassembleur"},"content":{"rendered":"<p><strong>En attendant le d\u00e9compte des voix dans le reste des \u00c9tats et fort de son avance sur le pr\u00e9sident sortant, Joe Biden, le candidat d\u00e9mocrate, s\u2019est drap\u00e9 dans des habits de Chef d\u2019\u00c9tat en d\u00e9clarant vouloir repr\u00e9senter toute la nation. Une fa\u00e7on de tailler l\u2019herbe sous le pied de Donald Trump sans d\u00e9clarer comme ce dernier sa victoire.<\/strong><\/p>\n<div class=\"c10\"\/>\n<p>Contrairement \u00e0 Donald J. Trump qui n\u2019a pas h\u00e9sit\u00e9 peu de temps apr\u00e8s les votes \u00e0 s\u2019auto-proclamer vainqueur des \u00e9lections, Joe Biden joue la carte de la prudence. Inutile pour lui de verser dans un \u00e9change d\u2019auto-proclamations alors qu\u2019il sent la balance pencher en sa faveur. Le candidat d\u00e9mocrate s\u2019est donc voulu pr\u00e9cautionneux dans son discours de ce matin, en conjuguant sa victoire au futur. \u00ab\u00a0Nous allons gagner cette course\u00a0avec une large majorit\u00e9 \u00bb, a-t-il lanc\u00e9 en direction de ses partisans depuis sa base de Wilmington dans le Delaware. Le candidat d\u00e9mocrate pr\u00e9f\u00e8re avancer masqu\u00e9, citant les chiffres qui font de lui le prochain pr\u00e9sident des \u00c9tats-Unis, sans jamais dire qu\u2019il est gagnant de mani\u00e8re claire. \u00ab\u00a0Mes chers Am\u00e9ricains, nous n\u2019avons toujours pas de d\u00e9claration finale d\u2019une victoire mais les chiffres offrent une tableau clair et convaincant : nous allons gagner cette \u00e9lection\u00a0\u00bb, a-t-il d\u00e9clar\u00e9.<\/p>\n<p><strong>Lire aussi | <a href=\"https:\/\/www.challenge.ma\/le-chef-de-la-diplomatie-francaise-jean-yves-le-drian-attendu-au-maroc-lundi-164345\/\">Le chef de la diplomatie fran\u00e7aise Jean-Yves Le Drian attendu au Maroc lundi<\/a><\/strong><\/p>\n<p><strong>\u00ab\u00a0En avance un peu partout\u00a0\u00bb<\/strong><\/p>\n<p>Le candidat d\u00e9mocrate n\u2019a pas r\u00e9sist\u00e9 \u00e0 l\u2019envie de faire la comptabilit\u00e9 des voix et des chances de remporter les \u00c9tats concern\u00e9s pour d\u00e9finitivement clore le chapitre de cette \u00e9lection, et avec elle, la p\u00e9riode Trump. <em>\u00ab\u00a0Nous gagnons dans l\u2019Arizona. Nous gagnons dans le Nevada. Nous sommes en bonne voie de d\u00e9crocher 300 grands \u00e9lecteurs\u00a0\u00bb<\/em>, a avanc\u00e9 Joe Biden. Ce dernier ne s\u2019est pas priv\u00e9 de se r\u00e9jouir \u00e0 l\u2019id\u00e9e d\u2019\u00eatre le premier d\u00e9mocrate \u00e0 remporter l\u2019\u00c9tat de G\u00e9orgie depuis pr\u00e8s de 3 d\u00e9cennies. \u00ab\u00a0Nous allons \u00eatre le premier d\u00e9mocrate \u00e0 gagner la G\u00e9orgie en 28 ans\u00a0\u00bb, a-t-il d\u00e9clar\u00e9. Ou encore d\u2019\u00eatre le candidat qui a remport\u00e9 le plus de voix dans une \u00e9lection am\u00e9ricaine. \u00ab\u00a074 millions de votes, c\u2019est plus que n\u2019importe quel ticket pr\u00e9sidentiel n\u2019a jamais obtenu dans l\u2019histoire des USA. Nous allons gagner cette course avec une nette majorit\u00e9, avec la nation derri\u00e8re nous\u00a0\u00bb, a-t-il ajout\u00e9. Les d\u00e9pouillements sont toujours en cours en Pennsylvanie et en G\u00e9orgie, mais le candidat d\u00e9mocrate est confiant de pouvoir remporter ces deux \u00c9tats. Avec la lenteur qui caract\u00e9rise les d\u00e9pouillements dans plusieurs \u00c9tats, Joe Biden a convi\u00e9 ses partisans au calme et \u00e0 la patience, tout en insistant sur l\u2019importance de tenir compte de chaque voix exprim\u00e9e par les \u00e9lecteurs.<\/p>\n<p><strong>Joe le rassembleur<\/strong><\/p>\n<p>En attendant les r\u00e9sultats d\u00e9finitifs, et la probable bataille juridique \u00e0 l\u2019horizon, Joe Biden veut rassembler ses concitoyens. <em>\u00ab\u00a0Ce qui devient de plus \u00e0 chaque heure qui passe, c\u2019est qu\u2019un nombre record d\u2019Am\u00e9ricains \u2013 de toutes races, confessions, r\u00e9gions \u2013 ont choisi le changement plut\u00f4t que la continuit\u00e9\u00a0\u00bb, a-t-il affirm\u00e9. \u00ab\u00a0Il est temps de nous rassembler. (\u2026) \u00a0<\/em>Ma responsabilit\u00e9 en tant que pr\u00e9sident sera de repr\u00e9senter toute la nation. (\u2026) Nous avons une opportunit\u00e9 de cr\u00e9er le futur que nous voulons pour nos enfants et nos petits-enfants\u00a0\u00bb, a d\u00e9clar\u00e9 Joe Biden durant son discours. Dans cette d\u00e9marche, le candidat d\u00e9mocrate a essay\u00e9 de d\u00e9tendre les tensions en ajoutant, \u00ab\u00a0nous sommes peut-\u00eatre des adversaires, mais nous ne sommes pas des ennemis. Nous sommes des Am\u00e9ricains. (\u2026) Nous devons mettre la col\u00e8re et la diabolisation de c\u00f4t\u00e9\u00a0\u00bb.<\/p>\n<p><strong>Lire aussi | <a href=\"https:\/\/www.challenge.ma\/mobilite-internationale-des-etudiants-marocains-3-5-lallemagne-et-lespagne-en-force-162590\/\">Mobilit\u00e9 internationale des \u00e9tudiants marocains (3\/5)\u00a0: l\u2019Allemagne et l\u2019Espagne en force<\/a><\/strong><\/p>\n<p>Joe Biden, s\u2019il est \u00e9lu, sera attendu sur de nombreux dossiers, notamment la crise sanitaire qui a d\u00e9j\u00e0 fait plus de 236.000 mors dans le pays, et les relations avec la Chine.<\/p>\n<p>Auteur: challenge<br \/>\n<a href=\"https:\/\/www.challenge.ma\/elections-us-joe-biden-se-positionne-en-rassembleur-164389\/\">Cliquez ici pour lire l&rsquo;article depuis sa source.<\/a><\/p>\n","protected":false},"excerpt":{"rendered":"<p>En attendant le d\u00e9compte des voix dans le reste des \u00c9tats et fort de son avance sur le pr\u00e9sident sortant, Joe Biden, le candidat d\u00e9mocrate, s\u2019est drap\u00e9 dans des habits de Chef d\u2019\u00c9tat en d\u00e9clarant vouloir repr\u00e9senter toute la nation. Une fa\u00e7on de tailler l\u2019herbe sous le pied de Donald Trump sans d\u00e9clarer comme ce [&hellip;]<\/p>\n","protected":false},"author":1787,"featured_media":0,"comment_status":"closed","ping_status":"closed","sticky":false,"template":"","format":"standard","meta":{"fifu_image_url":"","fifu_image_alt":"","footnotes":""},"categories":[78,54],"tags":[],"class_list":["post-104028","post","type-post","status-publish","format-standard","hentry","category-economie","category-maroc"],"_links":{"self":[{"href":"https:\/\/linitiative.ca\/International\/wp-json\/wp\/v2\/posts\/104028","targetHints":{"allow":["GET"]}}],"collection":[{"href":"https:\/\/linitiative.ca\/International\/wp-json\/wp\/v2\/posts"}],"about":[{"href":"https:\/\/linitiative.ca\/International\/wp-json\/wp\/v2\/types\/post"}],"author":[{"embeddable":true,"href":"https:\/\/linitiative.ca\/International\/wp-json\/wp\/v2\/users\/1787"}],"replies":[{"embeddable":true,"href":"https:\/\/linitiative.ca\/International\/wp-json\/wp\/v2\/comments?post=104028"}],"version-history":[{"count":0,"href":"https:\/\/linitiative.ca\/International\/wp-json\/wp\/v2\/posts\/104028\/revisions"}],"wp:attachment":[{"href":"https:\/\/linitiative.ca\/International\/wp-json\/wp\/v2\/media?parent=104028"}],"wp:term":[{"taxonomy":"category","embeddable":true,"href":"https:\/\/linitiative.ca\/International\/wp-json\/wp\/v2\/categories?post=104028"},{"taxonomy":"post_tag","embeddable":true,"href":"https:\/\/linitiative.ca\/International\/wp-json\/wp\/v2\/tags?post=104028"}],"curies":[{"name":"wp","href":"https:\/\/api.w.org\/{rel}","templated":true}]}}