{"id":104029,"date":"2020-11-07T11:08:13","date_gmt":"2020-11-07T16:08:13","guid":{"rendered":"https:\/\/linitiative.ca\/International\/leurope-se-barricade-face-a-la-seconde-vague\/"},"modified":"2020-11-07T11:08:13","modified_gmt":"2020-11-07T16:08:13","slug":"leurope-se-barricade-face-a-la-seconde-vague","status":"publish","type":"post","link":"https:\/\/linitiative.ca\/International\/leurope-se-barricade-face-a-la-seconde-vague\/","title":{"rendered":"L\u2019Europe se barricade face \u00e0 la \u00ab\u00a0seconde vague\u00a0\u00bb"},"content":{"rendered":"<p><strong>Plusieurs pays europ\u00e9ens ont annonc\u00e9 ces derniers jours des mesures restrictives dans leur pays allant jusqu\u2019au confinement pour essayer d\u2019endiguer ce qui semble \u00eatre la fameuse \u00ab\u00a0deuxi\u00e8me vague\u00a0\u00bb du coronavirus. Tour d\u2019horizon.<\/strong><\/p>\n<div class=\"c10\"\/>\n<p>Dans le sillage de la France et de l\u2019Espagne qui ont proc\u00e9d\u00e9 il y a plusieurs jours au reconfinement de leur population, plusieurs pays europ\u00e9ens leur ont embo\u00eet\u00e9 le pas en d\u00e9cr\u00e9tant des restrictions suppl\u00e9mentaires. Ce qui n\u2019est pas du go\u00fbt de nombre de citoyens qui acceptent de plus en plus mal ces restrictions, contrairement \u00e0 la premi\u00e8re vague de confinement du printemps dernier. En Allemagne, une manifestation est pr\u00e9vue par les opposants au port de masque et aux nouvelles mesures d\u00e9cid\u00e9es par le gouvernement. La police devrait \u00eatre sur le qui vive car des contre-manifestations sont \u00e9galement annonc\u00e9es. L\u2019Italie, quant \u00e0 elle, a confin\u00e9 certaines r\u00e9gions de son pays, renvoyant dans leurs chambres quelque 16 millions de ses habitants et institu\u00e9 un couvre-feu entre 22H00 et 5H00 sur l\u2019ensemble du territoire.<\/p>\n<p><strong>Lire aussi | <a href=\"https:\/\/www.challenge.ma\/france-de-nouvelles-conditions-dacces-pour-les-voyageurs-en-provenance-du-maroc-164302\/\">France : de nouvelles conditions d\u2019acc\u00e8s pour les voyageurs en provenance du Maroc<\/a><\/strong><\/p>\n<p>La Gr\u00e8ce n\u2019est pas en reste. \u00c0 nouveau confin\u00e9e, les Grecs doivent d\u00e9sormais obtenir un feu vert des autorit\u00e9s pour sortir. L\u2019autorisation est donn\u00e9e par SMS et les villes sont quadrill\u00e9es par un d\u00e9ploiement de forces de l\u2019ordre. Ceux-ci ont pour mission de contr\u00f4ler les permis sp\u00e9ciaux de d\u00e9placement. L\u2019inexistence de ce permis entraine une amende de 300 euros. Le confinement devrait durer 3 semaines. Pour anticiper ces mesures, des dizaines de milliers de Grecs ont quitt\u00e9 Ath\u00e8nes.<\/p>\n<p>La Pologne a \u00e9galement pris des mesures pour essayer d\u2019enrailler la progression du virus. Fermeture des commerces, des lieux de divertissement, des centres commerciaux, cours \u00e0 distance pour tout le monde, la Pologne qui a d\u00e9clar\u00e9 plus de 500000 cas s\u2019est mise aux mesures restrictives. Des aides financi\u00e8res seront accord\u00e9es aux familles et secteurs qui vont souffrir de ces nouvelles mesures.<\/p>\n<p>Il faut rappeler que ces pays viennent s\u2019ajouter \u00e0 la France, l\u2019Angleterre, l\u2019Irlande qui ont proc\u00e9d\u00e9 \u00e0 un reconfinement de leurs populations pour cette crise sanitaire qui ne semble pas conna\u00eetre de fin prochaine. La pand\u00e9mie a d\u00e9j\u00e0 fait plus de 1,2 million de morts dans le monde. Et le bout du tunnel est encore loin\u2026<\/p>\n<p><strong>Lire aussi | <a href=\"https:\/\/www.challenge.ma\/le-coronavirus-pourrait-aggraver-les-acouphenes-etude-164377\/\">Le coronavirus pourrait aggraver les acouph\u00e8nes [\u00c9tude]<\/a><\/strong><\/p>\n<p>Auteur: challenge<br \/>\n<a href=\"https:\/\/www.challenge.ma\/leurope-se-barricade-face-a-la-seconde-vague-164413\/\">Cliquez ici pour lire l&rsquo;article depuis sa source.<\/a><\/p>\n","protected":false},"excerpt":{"rendered":"<p>Plusieurs pays europ\u00e9ens ont annonc\u00e9 ces derniers jours des mesures restrictives dans leur pays allant jusqu\u2019au confinement pour essayer d\u2019endiguer ce qui semble \u00eatre la fameuse \u00ab\u00a0deuxi\u00e8me vague\u00a0\u00bb du coronavirus. Tour d\u2019horizon. Dans le sillage de la France et de l\u2019Espagne qui ont proc\u00e9d\u00e9 il y a plusieurs jours au reconfinement de leur population, plusieurs [&hellip;]<\/p>\n","protected":false},"author":1787,"featured_media":0,"comment_status":"closed","ping_status":"closed","sticky":false,"template":"","format":"standard","meta":{"fifu_image_url":"","fifu_image_alt":"","footnotes":""},"categories":[78,54],"tags":[],"class_list":["post-104029","post","type-post","status-publish","format-standard","hentry","category-economie","category-maroc"],"_links":{"self":[{"href":"https:\/\/linitiative.ca\/International\/wp-json\/wp\/v2\/posts\/104029","targetHints":{"allow":["GET"]}}],"collection":[{"href":"https:\/\/linitiative.ca\/International\/wp-json\/wp\/v2\/posts"}],"about":[{"href":"https:\/\/linitiative.ca\/International\/wp-json\/wp\/v2\/types\/post"}],"author":[{"embeddable":true,"href":"https:\/\/linitiative.ca\/International\/wp-json\/wp\/v2\/users\/1787"}],"replies":[{"embeddable":true,"href":"https:\/\/linitiative.ca\/International\/wp-json\/wp\/v2\/comments?post=104029"}],"version-history":[{"count":0,"href":"https:\/\/linitiative.ca\/International\/wp-json\/wp\/v2\/posts\/104029\/revisions"}],"wp:attachment":[{"href":"https:\/\/linitiative.ca\/International\/wp-json\/wp\/v2\/media?parent=104029"}],"wp:term":[{"taxonomy":"category","embeddable":true,"href":"https:\/\/linitiative.ca\/International\/wp-json\/wp\/v2\/categories?post=104029"},{"taxonomy":"post_tag","embeddable":true,"href":"https:\/\/linitiative.ca\/International\/wp-json\/wp\/v2\/tags?post=104029"}],"curies":[{"name":"wp","href":"https:\/\/api.w.org\/{rel}","templated":true}]}}