{"id":104031,"date":"2020-11-07T12:08:53","date_gmt":"2020-11-07T17:08:53","guid":{"rendered":"https:\/\/linitiative.ca\/International\/elections-us-biden-vainqueur\/"},"modified":"2020-11-07T12:08:53","modified_gmt":"2020-11-07T17:08:53","slug":"elections-us-biden-vainqueur","status":"publish","type":"post","link":"https:\/\/linitiative.ca\/International\/elections-us-biden-vainqueur\/","title":{"rendered":"\u00c9lections US : Biden vainqueur"},"content":{"rendered":"<p><strong>Les \u00e9lections am\u00e9ricaines viennent de livrer leur verdict. Biden est \u00e9lu apr\u00e8s avoir recueilli plus de voix de grands \u00e9lecteurs n\u00e9cessaires. Assistera-t-on \u00e0 la bataille judiciaire promis par Trump?<\/strong><\/p>\n<div class=\"c10\"\/>\n<p>Les choses ont \u00e9volu\u00e9 aux \u00c9tats-Unis o\u00f9 les derniers r\u00e9sultats communiqu\u00e9s sur les \u00e9lections donnent \u00e0 Joe Biden 284 grands \u00e9lecteurs contre 214 au pr\u00e9sident sortant Donald J. Trump. Le candidat d\u00e9mocrate est d\u00e9sormais le pr\u00e9sident \u00e9lu, sans ambigu\u00eft\u00e9s, alors qu\u2019il n\u2019avait besoin que de 270 grands \u00e9lecteurs pour remporter les \u00e9lections.<\/p>\n<div class=\"wp-block-embed__wrapper\"><iframe loading=\"lazy\" title=\"CNN's Van Jones brought to tears as Joe Biden wins US election\" width=\"1140\" height=\"641\" src=\"https:\/\/www.youtube.com\/embed\/9eMoCW1Pq54?feature=oembed\" frameborder=\"0\" allow=\"accelerometer; autoplay; clipboard-write; encrypted-media; gyroscope; picture-in-picture\" allowfullscreen=\"\">[embedded content]<\/iframe><\/div>\n<p><strong>Lire aussi | <a href=\"https:\/\/www.challenge.ma\/elections-us-joe-biden-se-positionne-en-rassembleur-164389\/\" target=\"_blank\" rel=\"noreferrer noopener\">\u00c9lections US\u00a0: Joe Biden se positionne en rassembleur<\/a><\/strong><\/p>\n<p>Le camp d\u00e9mocrate se frotte les mains d\u2019avoir fait mordre la poussi\u00e8re au pr\u00e9sident r\u00e9publicain. Ce dernier avait d\u00e9j\u00e0 annonc\u00e9 que son arm\u00e9e d\u2019avocats \u00e9tait \u00e0 pied d\u2019\u0153uvre pour contester les r\u00e9sultats. Dans un communiqu\u00e9, le pr\u00e9sident sortant a refus\u00e9 de reconna\u00eetre sa d\u00e9faite. Il accuse le candidat d\u00e9mocrate de se pr\u00e9cipiter pour se pr\u00e9senter faussement en vainqueur. \u00ab\u00a0Nous savons tous pourquoi Joe Biden se pr\u00e9cipite pour annoncer sa victoire avec ses alli\u00e9s les m\u00e9dias. Ils ne veulent pas que la v\u00e9rit\u00e9 soit expos\u00e9e. La v\u00e9rit\u00e9 c\u2019est que cette \u00e9lection n\u2019est pas termin\u00e9e\u00a0\u00bb, dit Donald Trump dans son communiqu\u00e9. La balle est d\u00e9sormais dans son camp pour essayer de renverser la vapeur\u2026 \u00e0 moins qu\u2019il se r\u00e9signe \u00e0 laisser tomber la bataille juridique. Chose que Donald Trump ne compte pas accepter\u2026<\/p>\n<div class=\"wp-block-embed__wrapper\"><iframe loading=\"lazy\" title=\"Live coverage: Joe Biden wins presidency, CBS News projects\" width=\"1140\" height=\"641\" src=\"https:\/\/www.youtube.com\/embed\/xH9Cq3d67fc?feature=oembed\" frameborder=\"0\" allow=\"accelerometer; autoplay; clipboard-write; encrypted-media; gyroscope; picture-in-picture\" allowfullscreen=\"\">[embedded content]<\/iframe><\/div>\n<p><strong>Lire aussi | <a href=\"https:\/\/www.challenge.ma\/leurope-se-barricade-face-a-la-seconde-vague-164413\/\" target=\"_blank\" rel=\"noreferrer noopener\">L\u2019Europe se barricade face \u00e0 la \u00ab\u00a0seconde vague\u00a0\u00bb<\/a><\/strong><\/p>\n<p>Auteur: challenge<br \/>\n<a href=\"https:\/\/www.challenge.ma\/elections-us-biden-vainqueur-164418\/\">Cliquez ici pour lire l&rsquo;article depuis sa source.<\/a><\/p>\n","protected":false},"excerpt":{"rendered":"<p>Les \u00e9lections am\u00e9ricaines viennent de livrer leur verdict. Biden est \u00e9lu apr\u00e8s avoir recueilli plus de voix de grands \u00e9lecteurs n\u00e9cessaires. Assistera-t-on \u00e0 la bataille judiciaire promis par Trump? Les choses ont \u00e9volu\u00e9 aux \u00c9tats-Unis o\u00f9 les derniers r\u00e9sultats communiqu\u00e9s sur les \u00e9lections donnent \u00e0 Joe Biden 284 grands \u00e9lecteurs contre 214 au pr\u00e9sident sortant [&hellip;]<\/p>\n","protected":false},"author":1787,"featured_media":0,"comment_status":"closed","ping_status":"closed","sticky":false,"template":"","format":"standard","meta":{"fifu_image_url":"","fifu_image_alt":"","footnotes":""},"categories":[78,54],"tags":[],"class_list":["post-104031","post","type-post","status-publish","format-standard","hentry","category-economie","category-maroc"],"_links":{"self":[{"href":"https:\/\/linitiative.ca\/International\/wp-json\/wp\/v2\/posts\/104031","targetHints":{"allow":["GET"]}}],"collection":[{"href":"https:\/\/linitiative.ca\/International\/wp-json\/wp\/v2\/posts"}],"about":[{"href":"https:\/\/linitiative.ca\/International\/wp-json\/wp\/v2\/types\/post"}],"author":[{"embeddable":true,"href":"https:\/\/linitiative.ca\/International\/wp-json\/wp\/v2\/users\/1787"}],"replies":[{"embeddable":true,"href":"https:\/\/linitiative.ca\/International\/wp-json\/wp\/v2\/comments?post=104031"}],"version-history":[{"count":0,"href":"https:\/\/linitiative.ca\/International\/wp-json\/wp\/v2\/posts\/104031\/revisions"}],"wp:attachment":[{"href":"https:\/\/linitiative.ca\/International\/wp-json\/wp\/v2\/media?parent=104031"}],"wp:term":[{"taxonomy":"category","embeddable":true,"href":"https:\/\/linitiative.ca\/International\/wp-json\/wp\/v2\/categories?post=104031"},{"taxonomy":"post_tag","embeddable":true,"href":"https:\/\/linitiative.ca\/International\/wp-json\/wp\/v2\/tags?post=104031"}],"curies":[{"name":"wp","href":"https:\/\/api.w.org\/{rel}","templated":true}]}}