{"id":104037,"date":"2020-11-07T16:45:36","date_gmt":"2020-11-07T21:45:36","guid":{"rendered":"https:\/\/linitiative.ca\/International\/tunisie-le-ministre-qui-est-devenu-un-boulet-a-la-cheville-de-mechichi\/"},"modified":"2020-11-07T16:45:36","modified_gmt":"2020-11-07T21:45:36","slug":"tunisie-le-ministre-qui-est-devenu-un-boulet-a-la-cheville-de-mechichi","status":"publish","type":"post","link":"https:\/\/linitiative.ca\/International\/tunisie-le-ministre-qui-est-devenu-un-boulet-a-la-cheville-de-mechichi\/","title":{"rendered":"Tunisie \u2013 Le ministre qui est devenu un boulet \u00e0 la cheville de Mechichi"},"content":{"rendered":"<div class=\"post-cont-in left relative\">\n<div id=\"post-info-wrap\" class=\"left relative post-info-out\">\n<div class=\"post-info-img left relative\"><img loading=\"lazy\" decoding=\"async\" alt=\"\" src=\"https:\/\/secure.gravatar.com\/avatar\/9f10b5e5a102bf8cc0ebfb84f5ab5652?s=50&amp;d=mm&amp;r=g\" srcset=\"https:\/\/secure.gravatar.com\/avatar\/9f10b5e5a102bf8cc0ebfb84f5ab5652?s=100&amp;d=mm&amp;r=g 2x\" class=\"avatar avatar-50 photo\" height=\"50\" width=\"50\"\/><\/div>\n<div class=\"post-info-in\">\n<div class=\"post-info-right left relative post-info-name left relative\"><span itemprop=\"author\" itemscope=\"\" itemtype=\"https:\/\/schema.org\/Person\"><span class=\"post-info-text\">Par<\/span> <span class=\"author-name vcard fn author\" itemprop=\"name\"><a href=\"https:\/\/www.tunisienumerique.com\/author\/ramsis\/\" title=\"Articles par Ramsis\" rel=\"author\">Ramsis<\/a><\/span><\/span> <span class=\"post-date updated\"><time class=\"post-date updated\" itemprop=\"datePublished\" datetime=\"2020-11-07\">\u00a0| Il y a 35 minutes<\/time><\/span><\/div>\n<div class=\"left relative\"><button id=\"listenButton1\" class=\"responsivevoice-button\" type=\"button\" value=\"Play\" title=\"&#xC9;coutez l'article\"><span>\ud83d\udd0a \u00c9coutez l&rsquo;article<\/span><\/button> <\/div>\n<\/div>\n<\/div>\n<p>Quelques semaines apr\u00e8s sa prise de fonctions, le chef du gouvernement tunisien, Hichem Mechichi doit se demander, de plus en plus, s\u2019il avait bien fait les meilleurs choix dans la formation de son cabinet et si ses ministres, tout comp\u00e9tents qu\u2019ils sont, ne seraient les meilleurs choix qu\u2019il pouvait faire.<\/p>\n<div class=\"code-block code-block-1 c4\"><ins class=\"adsbygoogle c3\" data-ad-layout=\"in-article\" data-ad-format=\"fluid\" data-ad-client=\"ca-pub-2102118777505746\" data-ad-slot=\"7301775417\"\/> <\/div>\n<p>Mechichi doit se dire que, finalement, il ne suffit pas d\u2019\u00eatre comp\u00e9tent, pour pouvoir g\u00e9rer un d\u00e9partement o\u00f9 on doit conjuguer la comp\u00e9tence technique, la subtilit\u00e9 politique et la direction des \u00e9quipes.<\/p>\n<p>En effet, le chef du gouvernement a du souci \u00e0 se faire \u00e0 cause de certains de ses ministres qui semblent faire du sur place et n\u2019arrivent pas \u00e0 d\u00e9marrer leur travail.<\/p>\n<p>Sur la liste des ministres qui doivent donner des soucis \u00e0 Mechichi, il semble que celui de l\u2019Economie occupe la p\u00f4le position.<\/p>\n<p>Ce ministre,\u00a0 depuis qu\u2019il a pris ses fonctions, n\u2019a rien accompli de son mandat. Puisqu\u2019il a \u00e9chou\u00e9 apparemment sur le premier dossier qu\u2019il avait \u00e0 traiter et qui est celui de la pr\u00e9paration du projet de loi de finances.<\/p>\n<p>En effet, Ali Kooli, puisque c\u2019est de lui qu\u2019il s\u2019agit, n\u2019a pas su convaincre, d\u00e9j\u00e0, avec le projet de loi de finance compl\u00e9mentaire de 2020, en attendant l\u2019autre \u00e9chec, qui s\u2019annonce plus retentissant et qui sera le rejet attendu de plf de 2021. Ce projet aura r\u00e9ussi l\u2019exploit de recueillir, \u00e0 l\u2019unanimit\u00e9, la critique de toutes parts.<\/p>\n<p>Certains des m\u00e9contents de ce projet de loi sont m\u00eame all\u00e9s jusqu\u2019\u00e0 annoncer que ce travail, tel qu\u2019il a \u00e9t\u00e9 ex\u00e9cut\u00e9, devrait \u00eatre sanctionn\u00e9 par la d\u00e9mission du ministre de l\u2019Economie, voire m\u00eame du chef du gouvernement.<\/p>\n<p>Par ailleurs,\u00a0 depuis sa prise de fonctions, ce ministre n\u2019a rien entrepris pour sauver les PME, dans cette conjoncture de crise, ni pour r\u00e9sorber le ch\u00f4mage galopant. Au contraire, certains lui reprochent d\u2019avoir enfonc\u00e9 les entreprises en difficult\u00e9, en les harcelant avec des d\u00e9cisions harassantes comme les mesures fiscales et les exigences des caisses sociales.<\/p>\n<p>Voil\u00e0 donc un poids lourd en comp\u00e9tence qui risque de peser comme un boulet \u00e0 la cheville du chef du gouvernement.<\/p>\n<div class=\"swp_social_panel swp_horizontal_panel swp_flat_fresh swp_default_full_color swp_individual_full_color swp_other_full_color scale-100 scale-\" data-min-width=\"1100\" data-float-color=\"#ffffff\" data-float=\"bottom\" data-float-mobile=\"bottom\" data-transition=\"slide\">\n<div class=\"nc_tweetContainer swp_share_button total_shares total_sharesalt\"><span class=\"swp_count\">5 <span class=\"swp_label\">Partages<\/span><\/span><\/div>\n<\/div>\n<p><strong>Que se passe-t-il en Tunisie?<\/strong><br \/>Nous expliquons sur notre <a href=\"https:\/\/www.youtube.com\/channel\/UCRzypVq0B_yBad5eGrwBx0Q?sub_confirmation=1\" target=\"_blank\" rel=\"noopener noreferrer\">cha\u00eene YouTube<\/a> . <a href=\"https:\/\/www.youtube.com\/channel\/UCRzypVq0B_yBad5eGrwBx0Q?sub_confirmation=1\" target=\"_blank\" rel=\"noopener noreferrer\">Abonnez-vous!<\/a><\/p>\n<div class=\"mvp-org-wrap mvp-org-logo\" itemprop=\"publisher\" itemscope=\"\" itemtype=\"https:\/\/schema.org\/Organization\"><img decoding=\"async\" src=\"https:\/\/www.tunisienumerique.com\/wp-content\/uploads\/2017\/02\/logo_tunisie_numerique.png\"\/><\/div>\n<div class=\"mvp-related-posts left relative\">\n<h4 class=\"post-header\"><span class=\"post-header\">Lire aussi<\/span><\/h4>\n<\/div>\n<div id=\"article-ad\"><ins class=\"adsbygoogle c5\" data-ad-client=\"ca-pub-2102118777505746\" data-ad-slot=\"6513972734\" data-ad-format=\"auto\" data-full-width-responsive=\"true\"\/> <\/div>\n<\/div>\n<div id=\"post-sidebar-wrap\"><ins class=\"adsbygoogle c5\" data-ad-client=\"ca-pub-2102118777505746\" data-ad-slot=\"6168283410\" data-ad-format=\"auto\" data-full-width-responsive=\"true\"\/> <\/div>\n<p>Auteur: Ramsis<br \/>\n<a href=\"https:\/\/www.tunisienumerique.com\/tunisie-le-ministre-qui-est-devenu-un-boulet-a-la-cheville-de-mechichi\/\">Cliquez ici pour lire l&rsquo;article depuis sa source.<\/a><\/p>\n","protected":false},"excerpt":{"rendered":"<p>Par Ramsis \u00a0| Il y a 35 minutes \ud83d\udd0a \u00c9coutez l&rsquo;article Quelques semaines apr\u00e8s sa prise de fonctions, le chef du gouvernement tunisien, Hichem Mechichi doit se demander, de plus en plus, s\u2019il avait bien fait les meilleurs choix dans la formation de son cabinet et si ses ministres, tout comp\u00e9tents qu\u2019ils sont, ne seraient [&hellip;]<\/p>\n","protected":false},"author":1789,"featured_media":0,"comment_status":"closed","ping_status":"closed","sticky":false,"template":"","format":"standard","meta":{"fifu_image_url":"","fifu_image_alt":"","footnotes":""},"categories":[73,55],"tags":[],"class_list":["post-104037","post","type-post","status-publish","format-standard","hentry","category-actualite","category-tunisie"],"_links":{"self":[{"href":"https:\/\/linitiative.ca\/International\/wp-json\/wp\/v2\/posts\/104037","targetHints":{"allow":["GET"]}}],"collection":[{"href":"https:\/\/linitiative.ca\/International\/wp-json\/wp\/v2\/posts"}],"about":[{"href":"https:\/\/linitiative.ca\/International\/wp-json\/wp\/v2\/types\/post"}],"author":[{"embeddable":true,"href":"https:\/\/linitiative.ca\/International\/wp-json\/wp\/v2\/users\/1789"}],"replies":[{"embeddable":true,"href":"https:\/\/linitiative.ca\/International\/wp-json\/wp\/v2\/comments?post=104037"}],"version-history":[{"count":0,"href":"https:\/\/linitiative.ca\/International\/wp-json\/wp\/v2\/posts\/104037\/revisions"}],"wp:attachment":[{"href":"https:\/\/linitiative.ca\/International\/wp-json\/wp\/v2\/media?parent=104037"}],"wp:term":[{"taxonomy":"category","embeddable":true,"href":"https:\/\/linitiative.ca\/International\/wp-json\/wp\/v2\/categories?post=104037"},{"taxonomy":"post_tag","embeddable":true,"href":"https:\/\/linitiative.ca\/International\/wp-json\/wp\/v2\/tags?post=104037"}],"curies":[{"name":"wp","href":"https:\/\/api.w.org\/{rel}","templated":true}]}}