{"id":104038,"date":"2020-11-07T12:18:08","date_gmt":"2020-11-07T17:18:08","guid":{"rendered":"https:\/\/linitiative.ca\/International\/presidentielle-en-guinee-alpha-conde-reelu-au-premier-tour-cour-constitutionnelle\/"},"modified":"2020-11-07T12:18:08","modified_gmt":"2020-11-07T17:18:08","slug":"presidentielle-en-guinee-alpha-conde-reelu-au-premier-tour-cour-constitutionnelle","status":"publish","type":"post","link":"https:\/\/linitiative.ca\/International\/presidentielle-en-guinee-alpha-conde-reelu-au-premier-tour-cour-constitutionnelle\/","title":{"rendered":"Pr\u00e9sidentielle en Guin\u00e9e: Alpha Cond\u00e9 r\u00e9\u00e9lu au premier tour (Cour constitutionnelle)"},"content":{"rendered":"<div readability=\"32\">\n<p>Publi\u00e9 le 07.11.2020 \u00e0 18h18 par APA News<\/p>\n<\/div>\n<div readability=\"54\">\n<p>La Cour constitutionnelle guin\u00e9enne a confirm\u00e9 samedi la r\u00e9\u00e9lection du chef de l\u2019Etat Alpha Cond\u00e9, cr\u00e9dit\u00e9 de 59,5% des suffrages au scrutin pr\u00e9sidentiel du 18 octobre 2020 contre 33,49% pour son challenger Cellou Dalein Diallo.L\u2019arr\u00eat de la Cour constitutionnelle de Guin\u00e9e relatif \u00e0 l\u2019\u00e9lection pr\u00e9sidentielle du 18 octobre 2020 donne au pr\u00e9sident sortant Alpha Cond\u00e9 vainqueur avec 59,50 % contre 33,49% pour l\u2019opposant Cellou Dalein, candidat de l\u2019Alliance nationale pour l\u2019alternance et la d\u00e9mocratie (ANAD).\u00a0<\/p>\n<p>Le r\u00e9sultat de la Cour constitutionnelle ressort pratiquement les m\u00eames r\u00e9sultats avec ceux proclam\u00e9s par la Commission \u00e9lectorale nationale ind\u00e9pendante (CENI), \u00a0organe en charge d\u2019organiser la pr\u00e9sidentielle.<\/p>\n<p>Un calme olympien planait sur Conakry, la capitale guin\u00e9enne, \u00e0 l\u2019annonce des r\u00e9sultats d\u00e9finitifs de la pr\u00e9sidentielle du 18 octobre 2020. M. Cellou Diallo qui criait \u00e0 la fraude, avait r\u00e9clam\u00e9 la victoire avec un taux de \u00ab\u00a053,84%\u00a0\u00bb.<\/p>\n<\/div>\n<p>Auteur: APA News<br \/>\n<a href=\"https:\/\/www.journalducameroun.com\/presidentielle-en-guinee-alpha-conde-reelu-au-premier-tour-cour-constitutionnelle\/\">Cliquez ici pour lire l&rsquo;article depuis sa source.<\/a><\/p>\n","protected":false},"excerpt":{"rendered":"<p>Publi\u00e9 le 07.11.2020 \u00e0 18h18 par APA News La Cour constitutionnelle guin\u00e9enne a confirm\u00e9 samedi la r\u00e9\u00e9lection du chef de l\u2019Etat Alpha Cond\u00e9, cr\u00e9dit\u00e9 de 59,5% des suffrages au scrutin pr\u00e9sidentiel du 18 octobre 2020 contre 33,49% pour son challenger Cellou Dalein Diallo.L\u2019arr\u00eat de la Cour constitutionnelle de Guin\u00e9e relatif \u00e0 l\u2019\u00e9lection pr\u00e9sidentielle du 18 [&hellip;]<\/p>\n","protected":false},"author":1965,"featured_media":0,"comment_status":"closed","ping_status":"closed","sticky":false,"template":"","format":"standard","meta":{"fifu_image_url":"","fifu_image_alt":"","footnotes":""},"categories":[73,82],"tags":[],"class_list":["post-104038","post","type-post","status-publish","format-standard","hentry","category-actualite","category-cameroun"],"_links":{"self":[{"href":"https:\/\/linitiative.ca\/International\/wp-json\/wp\/v2\/posts\/104038","targetHints":{"allow":["GET"]}}],"collection":[{"href":"https:\/\/linitiative.ca\/International\/wp-json\/wp\/v2\/posts"}],"about":[{"href":"https:\/\/linitiative.ca\/International\/wp-json\/wp\/v2\/types\/post"}],"author":[{"embeddable":true,"href":"https:\/\/linitiative.ca\/International\/wp-json\/wp\/v2\/users\/1965"}],"replies":[{"embeddable":true,"href":"https:\/\/linitiative.ca\/International\/wp-json\/wp\/v2\/comments?post=104038"}],"version-history":[{"count":0,"href":"https:\/\/linitiative.ca\/International\/wp-json\/wp\/v2\/posts\/104038\/revisions"}],"wp:attachment":[{"href":"https:\/\/linitiative.ca\/International\/wp-json\/wp\/v2\/media?parent=104038"}],"wp:term":[{"taxonomy":"category","embeddable":true,"href":"https:\/\/linitiative.ca\/International\/wp-json\/wp\/v2\/categories?post=104038"},{"taxonomy":"post_tag","embeddable":true,"href":"https:\/\/linitiative.ca\/International\/wp-json\/wp\/v2\/tags?post=104038"}],"curies":[{"name":"wp","href":"https:\/\/api.w.org\/{rel}","templated":true}]}}