{"id":104039,"date":"2020-11-07T13:18:02","date_gmt":"2020-11-07T18:18:02","guid":{"rendered":"https:\/\/linitiative.ca\/International\/cote-divoire-guikahue-et-cinq-autres-cadres-du-pdci-places-sous-mandat-de-depot\/"},"modified":"2020-11-07T13:18:02","modified_gmt":"2020-11-07T18:18:02","slug":"cote-divoire-guikahue-et-cinq-autres-cadres-du-pdci-places-sous-mandat-de-depot","status":"publish","type":"post","link":"https:\/\/linitiative.ca\/International\/cote-divoire-guikahue-et-cinq-autres-cadres-du-pdci-places-sous-mandat-de-depot\/","title":{"rendered":"C\u00f4te d\u2019Ivoire: Guikahu\u00e9 et cinq autres cadres du PDCI plac\u00e9s sous mandat de d\u00e9p\u00f4t"},"content":{"rendered":"<div readability=\"32\">\n<p>Publi\u00e9 le 07.11.2020 \u00e0 19h18 par APA News<\/p>\n<\/div>\n<div readability=\"80\">\n<p>Le secr\u00e9taire ex\u00e9cutif en chef du Parti d\u00e9mocratique de C\u00f4te d\u2019Ivoire (PDCI, opposition), Maurice Kakou Guikahu\u00e9 et cinq autres cadres de ce parti soup\u00e7onn\u00e9s de complot contre l\u2019autorit\u00e9 de l\u2019\u00c9tat, ont \u00e9t\u00e9 plac\u00e9s sous mandat de d\u00e9p\u00f4t, a appris APA samedi sur place dans la capitale politique ivoirienne aupr\u00e8s d\u2019un avocat de l\u2019opposition.Selon Me Suy Bi Emile, plusieurs autres responsables de ce parti dont \u00a0Ezaley George Philippe, Kamagat\u00e9 Brahima et Aminata N\u2019Diaye qui avaient \u00e9t\u00e9 interpell\u00e9s dans le cadre de la m\u00eame enqu\u00eate ont \u00e9t\u00e9 rel\u00e2ch\u00e9s.<\/p>\n<p>\u00a0La plateforme de l\u2019opposition ivoirienne dans laquelle est membre le PDCI, \u00a0a annonc\u00e9 lundi dernier la cr\u00e9ation d\u2019un Conseil national de transition (CNT), un organe de transition pr\u00e9sid\u00e9 par l\u2019ex-pr\u00e9sident ivoirien Henri Konan B\u00e9di\u00e9 qui devrait mettre en place un gouvernement de transition.<\/p>\n<p>En retour le gouvernement \u00a0ivoirien qui a d\u00e9nonc\u00e9 un attentat contre l\u2019autorit\u00e9 de l\u2019\u00c9tat avec la cr\u00e9ation de cet organe, a saisi le procureur de la R\u00e9publique \u00e0 l\u2019effet d\u2019engager des poursuites judiciaires contre les promoteurs de ce Conseil.<\/p>\n<p>\u00a0Vendredi soir, le procureur de la R\u00e9publique pr\u00e8s le Tribunal de premi\u00e8re instance d\u2019Abidjan, Richard Christophe Adou, a estim\u00e9 que l\u2019appel \u00e0 la d\u00e9sob\u00e9issance civile de l\u2019opposition et la cr\u00e9ation du CNT sont constitutifs d\u2019attentat et de complot contre l\u2019autorit\u00e9 de l\u2019\u00c9tat et de l\u2019int\u00e9grit\u00e9 du territoire national.<\/p>\n<p>Ainsi, il a annonc\u00e9 l\u2019interpellation de plusieurs cadres de l\u2019opposition et indiqu\u00e9 que dans le cadre de cette enqu\u00eate, plusieurs leaders de l\u2019opposition ivoirienne sont \u00abactivement recherch\u00e9s\u00bb.<\/p>\n<p>Le pr\u00e9sident du Front populaire ivoirien (FPI) Pascal Affi N\u2019Guessan, membre du CNT a \u00e9t\u00e9 arr\u00eat\u00e9 dans la nuit de vendredi \u00e0 samedi dans le d\u00e9partement d\u2019Adzop\u00e9, alors qu\u2019il se rendait \u00e0 Bongouanou (Centre-Est), la capitale de la r\u00e9gion du Moronou dont il est par ailleurs, le pr\u00e9sident du Conseil r\u00e9gional.<\/p>\n<p>De son c\u00f4t\u00e9, le pr\u00e9sident de l\u2019Union pour la d\u00e9mocratie et la paix en C\u00f4te d\u2019Ivoire (UDPCI) Abdallah Albert Toikeusse Mabri est toujours recherch\u00e9. \u00a0<\/p>\n<\/div>\n<p>Auteur: APA News<br \/>\n<a href=\"https:\/\/www.journalducameroun.com\/cote-divoire-guikahue-et-cinq-autres-cadres-du-pdci-places-sous-mandat-de-depot\/\">Cliquez ici pour lire l&rsquo;article depuis sa source.<\/a><\/p>\n","protected":false},"excerpt":{"rendered":"<p>Publi\u00e9 le 07.11.2020 \u00e0 19h18 par APA News Le secr\u00e9taire ex\u00e9cutif en chef du Parti d\u00e9mocratique de C\u00f4te d\u2019Ivoire (PDCI, opposition), Maurice Kakou Guikahu\u00e9 et cinq autres cadres de ce parti soup\u00e7onn\u00e9s de complot contre l\u2019autorit\u00e9 de l\u2019\u00c9tat, ont \u00e9t\u00e9 plac\u00e9s sous mandat de d\u00e9p\u00f4t, a appris APA samedi sur place dans la capitale politique [&hellip;]<\/p>\n","protected":false},"author":1965,"featured_media":0,"comment_status":"closed","ping_status":"closed","sticky":false,"template":"","format":"standard","meta":{"fifu_image_url":"","fifu_image_alt":"","footnotes":""},"categories":[73,82],"tags":[],"class_list":["post-104039","post","type-post","status-publish","format-standard","hentry","category-actualite","category-cameroun"],"_links":{"self":[{"href":"https:\/\/linitiative.ca\/International\/wp-json\/wp\/v2\/posts\/104039","targetHints":{"allow":["GET"]}}],"collection":[{"href":"https:\/\/linitiative.ca\/International\/wp-json\/wp\/v2\/posts"}],"about":[{"href":"https:\/\/linitiative.ca\/International\/wp-json\/wp\/v2\/types\/post"}],"author":[{"embeddable":true,"href":"https:\/\/linitiative.ca\/International\/wp-json\/wp\/v2\/users\/1965"}],"replies":[{"embeddable":true,"href":"https:\/\/linitiative.ca\/International\/wp-json\/wp\/v2\/comments?post=104039"}],"version-history":[{"count":0,"href":"https:\/\/linitiative.ca\/International\/wp-json\/wp\/v2\/posts\/104039\/revisions"}],"wp:attachment":[{"href":"https:\/\/linitiative.ca\/International\/wp-json\/wp\/v2\/media?parent=104039"}],"wp:term":[{"taxonomy":"category","embeddable":true,"href":"https:\/\/linitiative.ca\/International\/wp-json\/wp\/v2\/categories?post=104039"},{"taxonomy":"post_tag","embeddable":true,"href":"https:\/\/linitiative.ca\/International\/wp-json\/wp\/v2\/tags?post=104039"}],"curies":[{"name":"wp","href":"https:\/\/api.w.org\/{rel}","templated":true}]}}