{"id":104042,"date":"2020-11-07T16:18:02","date_gmt":"2020-11-07T21:18:02","guid":{"rendered":"https:\/\/linitiative.ca\/International\/sahara-les-approches-et-les-theses-depassees-et-irrealistes-ont-ete-definitivement-aneanties-par-le-cs-de-lonu-roi-mohammed-vi\/"},"modified":"2020-11-07T16:18:02","modified_gmt":"2020-11-07T21:18:02","slug":"sahara-les-approches-et-les-theses-depassees-et-irrealistes-ont-ete-definitivement-aneanties-par-le-cs-de-lonu-roi-mohammed-vi","status":"publish","type":"post","link":"https:\/\/linitiative.ca\/International\/sahara-les-approches-et-les-theses-depassees-et-irrealistes-ont-ete-definitivement-aneanties-par-le-cs-de-lonu-roi-mohammed-vi\/","title":{"rendered":"Sahara : Les approches et les th\u00e8ses d\u00e9pass\u00e9es et irr\u00e9alistes ont \u00e9t\u00e9 d\u00e9finitivement an\u00e9anties par le CS de l\u2019ONU (Roi Mohammed VI)"},"content":{"rendered":"<div readability=\"32\">\n<p>Publi\u00e9 le 07.11.2020 \u00e0 22h18 par APA News<\/p>\n<\/div>\n<div readability=\"120\">\n<p>Le Roi Mohammed VI a affirm\u00e9 que les approches et les th\u00e8ses d\u00e9pass\u00e9es et irr\u00e9alistes ont \u00e9t\u00e9 d\u00e9finitivement an\u00e9anties, lors de l\u2019adoption des derni\u00e8res r\u00e9solutions du Conseil de s\u00e9curit\u00e9 de l\u2019ONU.\u00ab Ces r\u00e9centes r\u00e9solutions ont \u00e9galement confirm\u00e9 la participation effective des vraies parties concern\u00e9es par ce conflit r\u00e9gional et elles ont consacr\u00e9 l\u2019irr\u00e9versibilit\u00e9 de la solution politique, r\u00e9aliste et consensuelle \u00bb, a soulign\u00e9 le Souverain dans son discours prononc\u00e9, samedi, \u00e0 l\u2019occasion du 45\u00e8me anniversaire de la marche verte.<\/p>\n<p>Selon lui, cette orientation s\u2019accorde avec l\u2019esprit de l\u2019Initiative d\u2019autonomie marocaine, soutenue par le Conseil de s\u00e9curit\u00e9 et les grandes puissances comme l\u2019unique option logique pour r\u00e9gler ce conflit.<\/p>\n<p>Au niveau de l\u2019Union Africaine, le Roi a fait observer que \u00ab gr\u00e2ce au retour du Maroc au sein de sa famille africaine, l\u2019Organisation a clos, avec succ\u00e8s, le chapitre des man\u0153uvres incessantes dont elle fut victime des ann\u00e9es durant \u00bb.<\/p>\n<p>\u00ab Depuis lors, l\u2019Union Africaine a adopt\u00e9 une approche constructive s\u2019articulant autour d\u2019un soutien plein et entier aux efforts d\u00e9ploy\u00e9s, en vertu d\u2019un mandat exclusif par les Nations Unies, par son Secr\u00e9taire g\u00e9n\u00e9ral et le Conseil de s\u00e9curit\u00e9 \u00bb, a-t-il ajout\u00e9.<\/p>\n<p>Sur le plan juridique et diplomatique, le Souverain a indiqu\u00e9 que plusieurs pays ont ouvert des consulats g\u00e9n\u00e9raux dans les villes de La\u00e2youne et de Dakhla, reconnaissant ainsi, de fa\u00e7on claire et nette, la marocanit\u00e9 du Sahara et affirmant \u00eatre pleinement confiants quant \u00e0 la s\u00e9curit\u00e9 et \u00e0 la prosp\u00e9rit\u00e9 qui r\u00e8gnent dans les provinces du Sud du Royaume.<\/p>\n<p>Dans le m\u00eame temps, les membres de la communaut\u00e9 internationale refusent, dans leur grande majorit\u00e9, de s\u2019aligner sur les th\u00e8ses des autres parties. De fait, 163 pays, repr\u00e9sentant 85% des \u00c9tats membres des Nations Unies, ne reconnaissent pas l\u2019entit\u00e9 factice, a-t-il rappel\u00e9.<\/p>\n<p>Cette orientation a \u00e9t\u00e9 confort\u00e9e par les grandes puissances qui, en la mati\u00e8re, ont adopt\u00e9 des positions constructives, notamment la conclusion de partenariats strat\u00e9giques et \u00e9conomiques incluant, sans exception ni r\u00e9serve, les provinces Sud du Royaume comme partie int\u00e9grante du territoire marocain, a poursuivi le Roi Mohammed VI.<\/p>\n<p>Pour lui, le Maroc restera ferme sur ses positions et ne se laissera nullement fl\u00e9chir par les provocations st\u00e9riles et les man\u0153uvres d\u00e9sesp\u00e9r\u00e9es des autres parties, constatant que le d\u00e9clin consomm\u00e9 de leurs th\u00e8ses surann\u00e9es les a pr\u00e9cipit\u00e9es dans le sc\u00e9nario typique d\u2019une fuite en avant.<\/p>\n<p>\u00c0 cet \u00e9gard, le Maroc r\u00e9it\u00e8re son rejet cat\u00e9gorique des agissements inacceptables par lesquels on cherche \u00e0 entraver la fluidit\u00e9 du trafic entre le Maroc et la Mauritanie, \u00e0 alt\u00e9rer le statut juridique et historique qui pr\u00e9vaut \u00e0 l\u2019est du mur de s\u00e9curit\u00e9 ou encore \u00e0 se livrer \u00e0 une exploitation ill\u00e9gitime des ressources de la r\u00e9gion, a-t-il insist\u00e9.<\/p>\n<p>\u00ab Le Maroc, fid\u00e8le \u00e0 lui-m\u00eame, ne se d\u00e9partira pas du bon sens et de la sagesse dont il a coutume. En revanche, c\u2019est avec la derni\u00e8re vigueur et la plus grande fermet\u00e9 qu\u2019il s\u2019opposera aux abus cherchant \u00e0 porter atteinte \u00e0 la s\u00e9curit\u00e9 et \u00e0 la stabilit\u00e9 de ses provinces du sud \u00bb, a enchain\u00e9 le Souverain.<\/p>\n<p>Il s\u2019est dit persuad\u00e9 que les Nations Unies et la Minurso (mission de l\u2019ONU au Sahara) continueront \u00e0 remplir leur devoir en veillant \u00e0 pr\u00e9server le cessez-le feu dans la zone.<\/p>\n<\/div>\n<p>Auteur: APA News<br \/>\n<a href=\"https:\/\/www.journalducameroun.com\/sahara-les-approches-et-les-theses-depassees-et-irrealistes-ont-ete-definitivement-aneanties-par-le-cs-de-lonu-roi-mohammed-vi\/\">Cliquez ici pour lire l&rsquo;article depuis sa source.<\/a><\/p>\n","protected":false},"excerpt":{"rendered":"<p>Publi\u00e9 le 07.11.2020 \u00e0 22h18 par APA News Le Roi Mohammed VI a affirm\u00e9 que les approches et les th\u00e8ses d\u00e9pass\u00e9es et irr\u00e9alistes ont \u00e9t\u00e9 d\u00e9finitivement an\u00e9anties, lors de l\u2019adoption des derni\u00e8res r\u00e9solutions du Conseil de s\u00e9curit\u00e9 de l\u2019ONU.\u00ab Ces r\u00e9centes r\u00e9solutions ont \u00e9galement confirm\u00e9 la participation effective des vraies parties concern\u00e9es par ce conflit [&hellip;]<\/p>\n","protected":false},"author":1965,"featured_media":0,"comment_status":"closed","ping_status":"closed","sticky":false,"template":"","format":"standard","meta":{"fifu_image_url":"","fifu_image_alt":"","footnotes":""},"categories":[73,82],"tags":[],"class_list":["post-104042","post","type-post","status-publish","format-standard","hentry","category-actualite","category-cameroun"],"_links":{"self":[{"href":"https:\/\/linitiative.ca\/International\/wp-json\/wp\/v2\/posts\/104042","targetHints":{"allow":["GET"]}}],"collection":[{"href":"https:\/\/linitiative.ca\/International\/wp-json\/wp\/v2\/posts"}],"about":[{"href":"https:\/\/linitiative.ca\/International\/wp-json\/wp\/v2\/types\/post"}],"author":[{"embeddable":true,"href":"https:\/\/linitiative.ca\/International\/wp-json\/wp\/v2\/users\/1965"}],"replies":[{"embeddable":true,"href":"https:\/\/linitiative.ca\/International\/wp-json\/wp\/v2\/comments?post=104042"}],"version-history":[{"count":0,"href":"https:\/\/linitiative.ca\/International\/wp-json\/wp\/v2\/posts\/104042\/revisions"}],"wp:attachment":[{"href":"https:\/\/linitiative.ca\/International\/wp-json\/wp\/v2\/media?parent=104042"}],"wp:term":[{"taxonomy":"category","embeddable":true,"href":"https:\/\/linitiative.ca\/International\/wp-json\/wp\/v2\/categories?post=104042"},{"taxonomy":"post_tag","embeddable":true,"href":"https:\/\/linitiative.ca\/International\/wp-json\/wp\/v2\/tags?post=104042"}],"curies":[{"name":"wp","href":"https:\/\/api.w.org\/{rel}","templated":true}]}}